{"id":1980,"date":"2019-09-02T23:18:57","date_gmt":"2019-09-03T02:18:57","guid":{"rendered":"http:\/\/miraserra.org.br\/?p=1980"},"modified":"2019-09-08T16:54:46","modified_gmt":"2019-09-08T19:54:46","slug":"qual-o-papel-do-colegiado","status":"publish","type":"post","link":"https:\/\/miraserra.org.br\/index.php\/2019\/09\/02\/qual-o-papel-do-colegiado\/","title":{"rendered":"QUAL O PAPEL DO COLEGIADO?"},"content":{"rendered":"\n<p class=\"has-text-color has-background has-very-dark-gray-color has-very-light-gray-background-color\"> A Assembleia Geral do Conselho dos Parques Nacionais Serra Geral e Aparados da Serra (2\/9), ocorrida na Casa do Turista\/Cambar\u00e1 do Sul, foi repleta de situa\u00e7\u00f5es question\u00e1veis.<\/p>\n\n\n\n<p class=\"has-background has-very-light-gray-background-color\">Entre elas, a publica\u00e7\u00e3o da atualiza\u00e7\u00e3o pontual do Plano de Manejo, no Di\u00e1rio Oficial da Uni\u00e3o &#8211; que, ali\u00e1s, estava pautado como &#8220;devolutiva&#8221; do trabalho, ainda em curso, dentro do colegiado. Portanto, nem sequer uma minuta fora conclu\u00edda e\/ou apreciada em plen\u00e1ria do Conselho.<\/p>\n\n\n\n<p class=\"has-background has-very-light-gray-background-color\">Houve, tamb\u00e9m, explana\u00e7\u00e3o\u00a0sobre edital publicado no D.O.U. para estudo de viabilidade de concess\u00e3o &#8211; que n\u00e3o constava como item de pauta, gerando confus\u00e3o na interpreta\u00e7\u00e3o do objetivo da apresenta\u00e7\u00e3o.<\/p>\n\n\n\n<figure class=\"wp-block-image\"><img loading=\"lazy\" decoding=\"async\" width=\"960\" height=\"720\" src=\"http:\/\/miraserra.org.br\/wp-content\/uploads\/2019\/09\/69970583_2899405203406949_4182753565925703680_n.jpg\" alt=\"\" class=\"wp-image-1982\" srcset=\"https:\/\/miraserra.org.br\/wp-content\/uploads\/2019\/09\/69970583_2899405203406949_4182753565925703680_n.jpg 960w, https:\/\/miraserra.org.br\/wp-content\/uploads\/2019\/09\/69970583_2899405203406949_4182753565925703680_n-300x225.jpg 300w, https:\/\/miraserra.org.br\/wp-content\/uploads\/2019\/09\/69970583_2899405203406949_4182753565925703680_n-768x576.jpg 768w\" sizes=\"auto, (max-width: 960px) 100vw, 960px\" \/><\/figure>\n\n\n\n<p class=\"has-background has-very-light-gray-background-color\">Alguns conselheiros, como a titular e a suplente pelo Instituto MIRA-SERRA, manifestaram d\u00favidas e desagrado com a condu\u00e7\u00e3o dos processos &#8211; que n\u00e3o garantiram a efetiva participa\u00e7\u00e3o da sociedade civil, entre outros aspectos observados nas informa\u00e7\u00f5es prestadas.<\/p>\n\n\n\n<figure class=\"wp-block-image\"><img loading=\"lazy\" decoding=\"async\" width=\"960\" height=\"720\" src=\"http:\/\/miraserra.org.br\/wp-content\/uploads\/2019\/09\/69877981_2899405116740291_6552403287893606400_n.jpg\" alt=\"\" class=\"wp-image-1981\" srcset=\"https:\/\/miraserra.org.br\/wp-content\/uploads\/2019\/09\/69877981_2899405116740291_6552403287893606400_n.jpg 960w, https:\/\/miraserra.org.br\/wp-content\/uploads\/2019\/09\/69877981_2899405116740291_6552403287893606400_n-300x225.jpg 300w, https:\/\/miraserra.org.br\/wp-content\/uploads\/2019\/09\/69877981_2899405116740291_6552403287893606400_n-768x576.jpg 768w\" sizes=\"auto, (max-width: 960px) 100vw, 960px\" \/><\/figure>\n\n\n\n<p class=\"has-background has-very-light-gray-background-color\">Pela densidade e pelo inusitado dos temas, os demais itens da convoca\u00e7\u00e3o foram prejudicados e ser\u00e3o abordados em reuni\u00e3o prevista para outubro. <\/p>\n","protected":false},"excerpt":{"rendered":"<p>A Assembleia Geral do Conselho dos Parques Nacionais Serra Geral e Aparados da Serra (2\/9), ocorrida na Casa do Turista\/Cambar\u00e1<\/p>\n","protected":false},"author":1,"featured_media":1981,"comment_status":"closed","ping_status":"closed","sticky":false,"template":"","format":"standard","meta":{"colormag_page_container_layout":"default_layout","colormag_page_sidebar_layout":"default_layout","_themeisle_gutenberg_block_has_review":false,"footnotes":""},"categories":[55,58,35],"tags":[145,147,146],"class_list":["post-1980","post","type-post","status-publish","format-standard","has-post-thumbnail","hentry","category-colegiados","category-consema-rs","category-parnas","tag-conselho","tag-edital","tag-plano-de-manejo"],"_links":{"self":[{"href":"https:\/\/miraserra.org.br\/index.php\/wp-json\/wp\/v2\/posts\/1980","targetHints":{"allow":["GET"]}}],"collection":[{"href":"https:\/\/miraserra.org.br\/index.php\/wp-json\/wp\/v2\/posts"}],"about":[{"href":"https:\/\/miraserra.org.br\/index.php\/wp-json\/wp\/v2\/types\/post"}],"author":[{"embeddable":true,"href":"https:\/\/miraserra.org.br\/index.php\/wp-json\/wp\/v2\/users\/1"}],"replies":[{"embeddable":true,"href":"https:\/\/miraserra.org.br\/index.php\/wp-json\/wp\/v2\/comments?post=1980"}],"version-history":[{"count":1,"href":"https:\/\/miraserra.org.br\/index.php\/wp-json\/wp\/v2\/posts\/1980\/revisions"}],"predecessor-version":[{"id":1983,"href":"https:\/\/miraserra.org.br\/index.php\/wp-json\/wp\/v2\/posts\/1980\/revisions\/1983"}],"wp:featuredmedia":[{"embeddable":true,"href":"https:\/\/miraserra.org.br\/index.php\/wp-json\/wp\/v2\/media\/1981"}],"wp:attachment":[{"href":"https:\/\/miraserra.org.br\/index.php\/wp-json\/wp\/v2\/media?parent=1980"}],"wp:term":[{"taxonomy":"category","embeddable":true,"href":"https:\/\/miraserra.org.br\/index.php\/wp-json\/wp\/v2\/categories?post=1980"},{"taxonomy":"post_tag","embeddable":true,"href":"https:\/\/miraserra.org.br\/index.php\/wp-json\/wp\/v2\/tags?post=1980"}],"curies":[{"name":"wp","href":"https:\/\/api.w.org\/{rel}","templated":true}]}}