{"id":1996,"date":"2019-09-12T22:52:54","date_gmt":"2019-09-13T01:52:54","guid":{"rendered":"http:\/\/miraserra.org.br\/?p=1996"},"modified":"2019-09-23T12:54:07","modified_gmt":"2019-09-23T15:54:07","slug":"frustracao-no-consema-rs","status":"publish","type":"post","link":"https:\/\/miraserra.org.br\/index.php\/2019\/09\/12\/frustracao-no-consema-rs\/","title":{"rendered":"FRUSTRA\u00c7\u00c3O NO CONSEMA-RS"},"content":{"rendered":"\n<p class=\"has-background has-drop-cap has-very-light-gray-background-color\"> A reuni\u00e3o do CONSEMA, na tarde de hoje, foi de causar perplexidade. A inst\u00e2ncia m\u00e1xima de delibera\u00e7\u00e3o das pol\u00edticas p\u00fablicas ambientais, por 15 X 10, votou contra discutir o projeto Mina Gua\u00edba, requerido e embasado legalmente pela MIRA-SERRA. As justificativas contr\u00e1rias poder\u00e3o ser conhecidas quando disponibilizada a ata, para as devidas conclus\u00f5es&#8230;<br><\/p>\n\n\n\n<figure class=\"wp-block-image\"><img loading=\"lazy\" decoding=\"async\" width=\"1024\" height=\"768\" src=\"http:\/\/miraserra.org.br\/wp-content\/uploads\/2019\/09\/69769960_2917129971634472_6744006073935462400_o-1024x768.jpg\" alt=\"\" class=\"wp-image-1997\" srcset=\"https:\/\/miraserra.org.br\/wp-content\/uploads\/2019\/09\/69769960_2917129971634472_6744006073935462400_o-1024x768.jpg 1024w, https:\/\/miraserra.org.br\/wp-content\/uploads\/2019\/09\/69769960_2917129971634472_6744006073935462400_o-300x225.jpg 300w, https:\/\/miraserra.org.br\/wp-content\/uploads\/2019\/09\/69769960_2917129971634472_6744006073935462400_o-768x576.jpg 768w, https:\/\/miraserra.org.br\/wp-content\/uploads\/2019\/09\/69769960_2917129971634472_6744006073935462400_o.jpg 1040w\" sizes=\"auto, (max-width: 1024px) 100vw, 1024px\" \/><\/figure>\n\n\n\n<p class=\"has-background has-very-light-gray-background-color\">Na sequ\u00eancia, o pedido das entidades ambientalistas (AMA, IGRE, MIRA-SERRA e UPAN) para que fosse apresentada a proposta do novo C\u00f3digo Estadual do Meio Ambiente, tamb\u00e9m teve algumas manifesta\u00e7\u00f5es contr\u00e1rias. Por sugest\u00e3o do presidente, a solicita\u00e7\u00e3o foi encaminhada para a CT Assuntos Juridicos para que avaliem a pertin\u00eancia (!?!?!).<\/p>\n\n\n\n<p class=\"has-background has-very-light-gray-background-color\"><br>Entretanto, a Resolu\u00e7\u00e3o 383\/2018 tem se caracterizado por discuss\u00f5es repetidas, num vai-e-vem entre C\u00e2mara T\u00e9cnica e Plen\u00e1ria <\/p>\n","protected":false},"excerpt":{"rendered":"<p>A reuni\u00e3o do CONSEMA, na tarde de hoje, foi de causar perplexidade. A inst\u00e2ncia m\u00e1xima de delibera\u00e7\u00e3o das pol\u00edticas p\u00fablicas<\/p>\n","protected":false},"author":1,"featured_media":1997,"comment_status":"closed","ping_status":"closed","sticky":false,"template":"","format":"standard","meta":{"colormag_page_container_layout":"default_layout","colormag_page_sidebar_layout":"default_layout","_themeisle_gutenberg_block_has_review":false,"footnotes":""},"categories":[55,58,1],"tags":[156,104],"class_list":["post-1996","post","type-post","status-publish","format-standard","has-post-thumbnail","hentry","category-colegiados","category-consema-rs","category-menu","tag-codigo-ambiental","tag-mina-guaiba"],"_links":{"self":[{"href":"https:\/\/miraserra.org.br\/index.php\/wp-json\/wp\/v2\/posts\/1996","targetHints":{"allow":["GET"]}}],"collection":[{"href":"https:\/\/miraserra.org.br\/index.php\/wp-json\/wp\/v2\/posts"}],"about":[{"href":"https:\/\/miraserra.org.br\/index.php\/wp-json\/wp\/v2\/types\/post"}],"author":[{"embeddable":true,"href":"https:\/\/miraserra.org.br\/index.php\/wp-json\/wp\/v2\/users\/1"}],"replies":[{"embeddable":true,"href":"https:\/\/miraserra.org.br\/index.php\/wp-json\/wp\/v2\/comments?post=1996"}],"version-history":[{"count":1,"href":"https:\/\/miraserra.org.br\/index.php\/wp-json\/wp\/v2\/posts\/1996\/revisions"}],"predecessor-version":[{"id":1998,"href":"https:\/\/miraserra.org.br\/index.php\/wp-json\/wp\/v2\/posts\/1996\/revisions\/1998"}],"wp:featuredmedia":[{"embeddable":true,"href":"https:\/\/miraserra.org.br\/index.php\/wp-json\/wp\/v2\/media\/1997"}],"wp:attachment":[{"href":"https:\/\/miraserra.org.br\/index.php\/wp-json\/wp\/v2\/media?parent=1996"}],"wp:term":[{"taxonomy":"category","embeddable":true,"href":"https:\/\/miraserra.org.br\/index.php\/wp-json\/wp\/v2\/categories?post=1996"},{"taxonomy":"post_tag","embeddable":true,"href":"https:\/\/miraserra.org.br\/index.php\/wp-json\/wp\/v2\/tags?post=1996"}],"curies":[{"name":"wp","href":"https:\/\/api.w.org\/{rel}","templated":true}]}}