{"id":20,"date":"2019-06-28T04:54:00","date_gmt":"2019-06-28T07:54:00","guid":{"rendered":"http:\/\/demo.themefreesia.com\/magbook\/?p=20"},"modified":"2019-07-28T17:50:56","modified_gmt":"2019-07-28T20:50:56","slug":"5-layout-news-and-magazine-theme","status":"publish","type":"post","link":"https:\/\/miraserra.org.br\/index.php\/2019\/06\/28\/5-layout-news-and-magazine-theme\/","title":{"rendered":"AUDI\u00caNCIA P\u00daBLICA sobre MINA GUA\u00cdBA"},"content":{"rendered":"<p>O Instituto MIRA-SERRA esteve representado na Audi\u00eancia P\u00fablica, sobre projeto de megaminera\u00e7\u00e3o \u201cMina Gua\u00edba\u201d, realizada em Eldorado do Sul. Com in\u00edcio \u00e0s 18h do dia 27\/6, o evento encerrou<br>por volta das 2h da manh\u00e3.<br><!--more--><\/p>\n<p>Os inscritos tiveram 3 min para exposi\u00e7\u00e3o, cabendo \u00e0 mesa o mesmo tempo em caso de resposta.<br>Entre muitas manifesta\u00e7\u00f5es apaixonadas, de um lado e de outro, algumas falas apontaram lacunas e omiss\u00f5es t\u00e9cnicas no EIA\/RIMA que superam a expectativa ilus\u00f3ria de ganhos l\u00edquidos para a<br>comunidade. A coordenadora-presidente da MIRA-SERRA falou logo ap\u00f3s a meianoite. Iniciou dizendo que di\udbc0\udcd5cilmente h\u00e1 munic\u00edpio pobre, por\u00e9m muitos<br>s\u00e3o mal geridos e a natureza n\u00e3o deve pagar por isto.<br>Em sua avalia\u00e7\u00e3o, do EIA\/RIMA, percebeu equ\u00edvocos em dados de base que afetam proje\u00e7\u00f5es e odelagens.<br>No momento, entretanto, iria se referir ao con\udbc0\udcd6ito com a \u00e1rea tombada da Reserva da Biosfera da Mata Atl\u00e2ntica (RBMA). No EIA nada consta, embora a ADA da Mina Gua\u00edba afete diretamente as Zonas N\u00facleo e de Amortecimento da RBMA. E, a AID e a AII, est\u00e3o nas Zonas N\u00facleo, de Amortecimento e na de<br>Transi\u00e7\u00e3o. A relev\u00e2ncia destas zonas , al\u00e9m dos inestim\u00e1veis servi\u00e7os ecossit\u00eamicos, se deve tamb\u00e9m ao baixo percentual de \u00e1reas protegidas no RS \u2013 conforme prev\u00ea a legisla\u00e7\u00e3o vigente.<br>Ainda, segundo o EIA, cerca de 19% da comunidade da fauna aut\u00f3ctone est\u00e1 inserida nas listas acional\/estadual de esp\u00e9cies amea\u00e7adas. A regi\u00e3o \u00e9 emblem\u00e1tica para estudos gen\u00e9ticos de felinos simp\u00e1tricos \u2013 Plano de A\u00e7\u00e3o Nacional para pequenos<br>felinos A mesa respondeu \u00e0 manifesta\u00e7\u00e3o do Inst, MIRA-SERRA sem, no entanto, trazer elementos novos ou consistentes.<\/p>\n<p><a href=\"https:\/\/m.facebook.com\/story.php?story_fbid=475151189886757&amp;id=463763904358819\" target=\"_blank\" rel=\"noopener noreferrer\">https:\/\/m.facebook.com\/story.php?story_fbid=475151189886757&amp;id=463763904358819<\/a><\/p>\n\n\n<figure class=\"wp-block-image\"><img loading=\"lazy\" decoding=\"async\" width=\"300\" height=\"247\" src=\"http:\/\/miraserra.org.br\/wp-content\/uploads\/2018\/03\/65717628_2768279063186231_1581683640180408320_n-300x247.jpg\" alt=\"\" class=\"wp-image-441\"\/><\/figure>\n\n\n\n<figure class=\"wp-block-image\"><img loading=\"lazy\" decoding=\"async\" width=\"300\" height=\"146\" src=\"http:\/\/miraserra.org.br\/wp-content\/uploads\/2018\/03\/65726711_2768279439852860_2561684315431763968_n-300x146.jpg\" alt=\"\" class=\"wp-image-444\"\/><\/figure>\n\n\n\n<figure class=\"wp-block-image\"><img loading=\"lazy\" decoding=\"async\" width=\"300\" height=\"274\" src=\"http:\/\/miraserra.org.br\/wp-content\/uploads\/2019\/07\/65261893_2768279293186208_7780033163044061184_n-300x274.jpg\" alt=\"\" class=\"wp-image-445\"\/><\/figure>\n","protected":false},"excerpt":{"rendered":"<p>O Instituto MIRA-SERRA esteve representado na Audi\u00eancia P\u00fablica, sobre projeto de megaminera\u00e7\u00e3o \u201cMina Gua\u00edba\u201d, realizada em Eldorado do Sul. Com<\/p>\n","protected":false},"author":1,"featured_media":787,"comment_status":"closed","ping_status":"closed","sticky":false,"template":"","format":"standard","meta":{"colormag_page_container_layout":"default_layout","colormag_page_sidebar_layout":"default_layout","_themeisle_gutenberg_block_has_review":false,"footnotes":""},"categories":[27,73],"tags":[],"class_list":["post-20","post","type-post","status-publish","format-standard","has-post-thumbnail","hentry","category-megamineracao","category-noticias"],"_links":{"self":[{"href":"https:\/\/miraserra.org.br\/index.php\/wp-json\/wp\/v2\/posts\/20","targetHints":{"allow":["GET"]}}],"collection":[{"href":"https:\/\/miraserra.org.br\/index.php\/wp-json\/wp\/v2\/posts"}],"about":[{"href":"https:\/\/miraserra.org.br\/index.php\/wp-json\/wp\/v2\/types\/post"}],"author":[{"embeddable":true,"href":"https:\/\/miraserra.org.br\/index.php\/wp-json\/wp\/v2\/users\/1"}],"replies":[{"embeddable":true,"href":"https:\/\/miraserra.org.br\/index.php\/wp-json\/wp\/v2\/comments?post=20"}],"version-history":[{"count":5,"href":"https:\/\/miraserra.org.br\/index.php\/wp-json\/wp\/v2\/posts\/20\/revisions"}],"predecessor-version":[{"id":673,"href":"https:\/\/miraserra.org.br\/index.php\/wp-json\/wp\/v2\/posts\/20\/revisions\/673"}],"wp:featuredmedia":[{"embeddable":true,"href":"https:\/\/miraserra.org.br\/index.php\/wp-json\/wp\/v2\/media\/787"}],"wp:attachment":[{"href":"https:\/\/miraserra.org.br\/index.php\/wp-json\/wp\/v2\/media?parent=20"}],"wp:term":[{"taxonomy":"category","embeddable":true,"href":"https:\/\/miraserra.org.br\/index.php\/wp-json\/wp\/v2\/categories?post=20"},{"taxonomy":"post_tag","embeddable":true,"href":"https:\/\/miraserra.org.br\/index.php\/wp-json\/wp\/v2\/tags?post=20"}],"curies":[{"name":"wp","href":"https:\/\/api.w.org\/{rel}","templated":true}]}}