{"id":2016,"date":"2019-09-19T23:20:59","date_gmt":"2019-09-20T02:20:59","guid":{"rendered":"http:\/\/miraserra.org.br\/?p=2016"},"modified":"2019-12-08T18:28:10","modified_gmt":"2019-12-08T21:28:10","slug":"plano-diretor-de-sao-francisco-de-paula-em-foco","status":"publish","type":"post","link":"https:\/\/miraserra.org.br\/index.php\/2019\/09\/19\/plano-diretor-de-sao-francisco-de-paula-em-foco\/","title":{"rendered":"Plano Diretor de S\u00e3o Francisco de Paula em foco"},"content":{"rendered":"<p class=\"fonts-plugin-block \">A C\u00e2mara de Vereadores, de S\u00e3o Francisco de Paula, discutiu o projeto do Plano Diretor de Desenvolvimento Urbano e Ambiental Integrado \u2013 PDDUAI, na noite de 19\/9\/2019.<\/p>\n\n\n<figure class=\"wp-block-image\"><img loading=\"lazy\" decoding=\"async\" width=\"1024\" height=\"768\" src=\"http:\/\/miraserra.org.br\/wp-content\/uploads\/2019\/09\/IMG-20190922-WA0003-1024x768.jpg\" alt=\"\" class=\"wp-image-2017\" srcset=\"https:\/\/miraserra.org.br\/wp-content\/uploads\/2019\/09\/IMG-20190922-WA0003-1024x768.jpg 1024w, https:\/\/miraserra.org.br\/wp-content\/uploads\/2019\/09\/IMG-20190922-WA0003-300x225.jpg 300w, https:\/\/miraserra.org.br\/wp-content\/uploads\/2019\/09\/IMG-20190922-WA0003-768x576.jpg 768w, https:\/\/miraserra.org.br\/wp-content\/uploads\/2019\/09\/IMG-20190922-WA0003.jpg 1280w\" sizes=\"auto, (max-width: 1024px) 100vw, 1024px\" \/><\/figure>\n\n\n\n<p>Embora traga uma consistente proposta de observ\u00e2ncia aos preceitos legais nacionais de prote\u00e7\u00e3o ambiental (como previsto no T\u00edtulo III \u2013 Arts. 36 ao 40) o projeto gera, em si, v\u00e1rios conflitos. Numa observa\u00e7\u00e3o global, o PDDUAI transparece ter sido elaborado por profissionais com \u201cvis\u00e3o de metr\u00f3pole\u201d e, n\u00e3o, contextualizado para uma cidade pequena, sem muitos recursos financeiros, buc\u00f3lica e riqu\u00edssima em recursos  naturais &#8211; resume Iara Ximenes, da MIRA-SERRA.<\/p>\n\n\n\n<p>A coordenadora-presidente da entidade, bi\u00f3l. Lisiane Becker, lembra que S\u00e3o Francisco de Paula, ainda n\u00e3o elaborou o seu Plano de Conserva\u00e7\u00e3o e Recupera\u00e7\u00e3o da Mata Atl\u00e2ntica (PMMA). Este zoneamento \u00e9 ferramenta essencial para o licenciamento ambiental no bioma, exercido por delega\u00e7\u00e3o de compet\u00eancia do estado ao munic\u00edpio (Resolu\u00e7\u00e3o CONSEMA 37\/2018). Al\u00e9m de v\u00e1rios benef\u00edcios, o plano traz maior seguran\u00e7a t\u00e9cnica e jur\u00eddica aos gestores municipais e aos empreendedores.<\/p>\n\n\n\n<figure class=\"wp-block-image\"><img loading=\"lazy\" decoding=\"async\" width=\"1024\" height=\"768\" src=\"http:\/\/miraserra.org.br\/wp-content\/uploads\/2019\/09\/IMG-20190922-WA0004-1024x768.jpg\" alt=\"\" class=\"wp-image-2019\" srcset=\"https:\/\/miraserra.org.br\/wp-content\/uploads\/2019\/09\/IMG-20190922-WA0004-1024x768.jpg 1024w, https:\/\/miraserra.org.br\/wp-content\/uploads\/2019\/09\/IMG-20190922-WA0004-300x225.jpg 300w, https:\/\/miraserra.org.br\/wp-content\/uploads\/2019\/09\/IMG-20190922-WA0004-768x576.jpg 768w, https:\/\/miraserra.org.br\/wp-content\/uploads\/2019\/09\/IMG-20190922-WA0004.jpg 1280w\" sizes=\"auto, (max-width: 1024px) 100vw, 1024px\" \/><\/figure>\n\n\n\n<p>Na continuidade do trabalho, ser\u00e1 formada uma comiss\u00e3o de representantes da sociedade civil, com atribui\u00e7\u00e3o  fiscalizat\u00f3ria e propositiva de altera\u00e7\u00f5es que se entenda necess\u00e1rias ao PDDUAI.<\/p>\n\n\n\n<figure class=\"wp-block-image\"><img loading=\"lazy\" decoding=\"async\" width=\"1024\" height=\"768\" src=\"http:\/\/miraserra.org.br\/wp-content\/uploads\/2019\/09\/IMG-20190922-WA0005-1024x768.jpg\" alt=\"\" class=\"wp-image-2018\" srcset=\"https:\/\/miraserra.org.br\/wp-content\/uploads\/2019\/09\/IMG-20190922-WA0005-1024x768.jpg 1024w, https:\/\/miraserra.org.br\/wp-content\/uploads\/2019\/09\/IMG-20190922-WA0005-300x225.jpg 300w, https:\/\/miraserra.org.br\/wp-content\/uploads\/2019\/09\/IMG-20190922-WA0005-768x576.jpg 768w, https:\/\/miraserra.org.br\/wp-content\/uploads\/2019\/09\/IMG-20190922-WA0005.jpg 1280w\" sizes=\"auto, (max-width: 1024px) 100vw, 1024px\" \/><\/figure>\n\n\n\n<p>Veja, tamb\u00e9m, tratativas da MIRA-SERRA junto ao executivo municipal em prol do PMMA:<\/p>\n\n\n\n<p>(2019) http:\/\/miraserra.org.br\/index.php\/2019\/05\/18\/who-is-the-most-giving-person-you-know\/<\/p>\n\n\n\n<p class=\"has-drop-cap\">(2015) http:\/\/www.miraserra.org.br\/site\/sfp_geral.htm<\/p>\n","protected":false},"excerpt":{"rendered":"<p>Embora traga uma consistente proposta de observ\u00e2ncia aos preceitos legais nacionais de prote\u00e7\u00e3o ambiental (como previsto no T\u00edtulo III \u2013<\/p>\n","protected":false},"author":1,"featured_media":2017,"comment_status":"closed","ping_status":"closed","sticky":false,"template":"","format":"standard","meta":{"colormag_page_container_layout":"default_layout","colormag_page_sidebar_layout":"default_layout","_themeisle_gutenberg_block_has_review":false,"footnotes":""},"categories":[37,73,195],"tags":[109],"class_list":["post-2016","post","type-post","status-publish","format-standard","has-post-thumbnail","hentry","category-mata-atlantica","category-noticias","category-sao-francisco-de-paula","tag-plano-diretor"],"_links":{"self":[{"href":"https:\/\/miraserra.org.br\/index.php\/wp-json\/wp\/v2\/posts\/2016","targetHints":{"allow":["GET"]}}],"collection":[{"href":"https:\/\/miraserra.org.br\/index.php\/wp-json\/wp\/v2\/posts"}],"about":[{"href":"https:\/\/miraserra.org.br\/index.php\/wp-json\/wp\/v2\/types\/post"}],"author":[{"embeddable":true,"href":"https:\/\/miraserra.org.br\/index.php\/wp-json\/wp\/v2\/users\/1"}],"replies":[{"embeddable":true,"href":"https:\/\/miraserra.org.br\/index.php\/wp-json\/wp\/v2\/comments?post=2016"}],"version-history":[{"count":2,"href":"https:\/\/miraserra.org.br\/index.php\/wp-json\/wp\/v2\/posts\/2016\/revisions"}],"predecessor-version":[{"id":2022,"href":"https:\/\/miraserra.org.br\/index.php\/wp-json\/wp\/v2\/posts\/2016\/revisions\/2022"}],"wp:featuredmedia":[{"embeddable":true,"href":"https:\/\/miraserra.org.br\/index.php\/wp-json\/wp\/v2\/media\/2017"}],"wp:attachment":[{"href":"https:\/\/miraserra.org.br\/index.php\/wp-json\/wp\/v2\/media?parent=2016"}],"wp:term":[{"taxonomy":"category","embeddable":true,"href":"https:\/\/miraserra.org.br\/index.php\/wp-json\/wp\/v2\/categories?post=2016"},{"taxonomy":"post_tag","embeddable":true,"href":"https:\/\/miraserra.org.br\/index.php\/wp-json\/wp\/v2\/tags?post=2016"}],"curies":[{"name":"wp","href":"https:\/\/api.w.org\/{rel}","templated":true}]}}