{"id":2024,"date":"2019-09-30T21:00:51","date_gmt":"2019-10-01T00:00:51","guid":{"rendered":"http:\/\/miraserra.org.br\/?p=2024"},"modified":"2019-10-02T18:35:37","modified_gmt":"2019-10-02T21:35:37","slug":"audiencia-publica-na-alergsmina-guaiba","status":"publish","type":"post","link":"https:\/\/miraserra.org.br\/index.php\/2019\/09\/30\/audiencia-publica-na-alergsmina-guaiba\/","title":{"rendered":"Audi\u00eancia P\u00fablica na ALERGS:mina Gua\u00edba"},"content":{"rendered":"\n<figure class=\"wp-block-image\"><img loading=\"lazy\" decoding=\"async\" width=\"1024\" height=\"498\" src=\"http:\/\/miraserra.org.br\/wp-content\/uploads\/2019\/09\/20190930_192207-5-1024x498.jpg\" alt=\"\" class=\"wp-image-2037\" srcset=\"https:\/\/miraserra.org.br\/wp-content\/uploads\/2019\/09\/20190930_192207-5-1024x498.jpg 1024w, https:\/\/miraserra.org.br\/wp-content\/uploads\/2019\/09\/20190930_192207-5-300x146.jpg 300w, https:\/\/miraserra.org.br\/wp-content\/uploads\/2019\/09\/20190930_192207-5-768x373.jpg 768w\" sizes=\"auto, (max-width: 1024px) 100vw, 1024px\" \/><figcaption>Mesa de abetura e manifesta\u00e7\u00f5es do p\u00fablico <\/figcaption><\/figure>\n\n\n\n<p class=\"has-drop-cap\">Palavras de abertura do presidente Edgar Pretto (da Comiss\u00e3o de Sa\u00fade e Meio Ambiente\/ALERGS), da Dra. Ana Marchesan (MPE) e do ambientalista Eduardo Raguse Quadros (pelo Comit\u00ea  de Combate \u00e0 Megaminera\u00e7\u00e3o\/CCM) foram muito expressivas. <\/p>\n\n\n\n<figure class=\"wp-block-image\"><img loading=\"lazy\" decoding=\"async\" width=\"1024\" height=\"498\" src=\"http:\/\/miraserra.org.br\/wp-content\/uploads\/2019\/09\/20190930_193934-4-1024x498.jpg\" alt=\"\" class=\"wp-image-2038\" srcset=\"https:\/\/miraserra.org.br\/wp-content\/uploads\/2019\/09\/20190930_193934-4-1024x498.jpg 1024w, https:\/\/miraserra.org.br\/wp-content\/uploads\/2019\/09\/20190930_193934-4-300x146.jpg 300w, https:\/\/miraserra.org.br\/wp-content\/uploads\/2019\/09\/20190930_193934-4-768x373.jpg 768w\" sizes=\"auto, (max-width: 1024px) 100vw, 1024px\" \/><figcaption>Fala do Comit\u00e9 de Combate a Megaminera\u00e7\u00e3o , conduzida pelo Eng. Eduardo Raguse<\/figcaption><\/figure>\n\n\n\n<p><br> Ali\u00e1s,  MPE est\u00e1 com a\u00e7\u00e3o contra o Estado e a Fepam, devendo se abster de  licenciar polo carboqu\u00edmico, em fun\u00e7\u00e3o da lei aprovada em regime de urg\u00eancia- sem discuss\u00e3o com a sociedade. <\/p>\n\n\n\n<p><br> O Eng. Eduardo Quadros e o Dr. Rualdo Menegat sintetizaram com perfei\u00e7\u00e3o os pareceres elaborados pelos especialistas da frente t\u00e9cnica (da qual a MIRA-SERRA integra) do CCM.<\/p>\n\n\n\n<figure class=\"wp-block-image\"><img loading=\"lazy\" decoding=\"async\" width=\"1024\" height=\"768\" src=\"http:\/\/miraserra.org.br\/wp-content\/uploads\/2019\/09\/20190930_185304-1024x768.jpg\" alt=\"\" class=\"wp-image-2039\" srcset=\"https:\/\/miraserra.org.br\/wp-content\/uploads\/2019\/09\/20190930_185304-1024x768.jpg 1024w, https:\/\/miraserra.org.br\/wp-content\/uploads\/2019\/09\/20190930_185304-300x225.jpg 300w, https:\/\/miraserra.org.br\/wp-content\/uploads\/2019\/09\/20190930_185304-768x576.jpg 768w\" sizes=\"auto, (max-width: 1024px) 100vw, 1024px\" \/><figcaption>Coordenadora-presidente da MIRA-SERRA , (que elaborou parecer t\u00e9cnico com as inconsist\u00eancias do EIA quanto \u00e0 fauna\/flora\/Reserva da Biosfera da Mata Atl\u00e2ntica) com Luana da Rosa &#8211; presidente do Movimento Roessler e coordenadira da APEDeMA-RS. <\/figcaption><\/figure>\n\n\n\n<p><\/p>\n","protected":false},"excerpt":{"rendered":"<p>Palavras de abertura do presidente Edgar Pretto (da Comiss\u00e3o de Sa\u00fade e Meio Ambiente\/ALERGS), da Dra. Ana Marchesan (MPE) e<\/p>\n","protected":false},"author":1,"featured_media":2025,"comment_status":"closed","ping_status":"closed","sticky":false,"template":"","format":"standard","meta":{"colormag_page_container_layout":"default_layout","colormag_page_sidebar_layout":"default_layout","_themeisle_gutenberg_block_has_review":false,"footnotes":""},"categories":[87,27,73],"tags":[159,104],"class_list":["post-2024","post","type-post","status-publish","format-standard","has-post-thumbnail","hentry","category-assembleia-legislativa","category-megamineracao","category-noticias","tag-alergs","tag-mina-guaiba"],"_links":{"self":[{"href":"https:\/\/miraserra.org.br\/index.php\/wp-json\/wp\/v2\/posts\/2024","targetHints":{"allow":["GET"]}}],"collection":[{"href":"https:\/\/miraserra.org.br\/index.php\/wp-json\/wp\/v2\/posts"}],"about":[{"href":"https:\/\/miraserra.org.br\/index.php\/wp-json\/wp\/v2\/types\/post"}],"author":[{"embeddable":true,"href":"https:\/\/miraserra.org.br\/index.php\/wp-json\/wp\/v2\/users\/1"}],"replies":[{"embeddable":true,"href":"https:\/\/miraserra.org.br\/index.php\/wp-json\/wp\/v2\/comments?post=2024"}],"version-history":[{"count":4,"href":"https:\/\/miraserra.org.br\/index.php\/wp-json\/wp\/v2\/posts\/2024\/revisions"}],"predecessor-version":[{"id":2065,"href":"https:\/\/miraserra.org.br\/index.php\/wp-json\/wp\/v2\/posts\/2024\/revisions\/2065"}],"wp:featuredmedia":[{"embeddable":true,"href":"https:\/\/miraserra.org.br\/index.php\/wp-json\/wp\/v2\/media\/2025"}],"wp:attachment":[{"href":"https:\/\/miraserra.org.br\/index.php\/wp-json\/wp\/v2\/media?parent=2024"}],"wp:term":[{"taxonomy":"category","embeddable":true,"href":"https:\/\/miraserra.org.br\/index.php\/wp-json\/wp\/v2\/categories?post=2024"},{"taxonomy":"post_tag","embeddable":true,"href":"https:\/\/miraserra.org.br\/index.php\/wp-json\/wp\/v2\/tags?post=2024"}],"curies":[{"name":"wp","href":"https:\/\/api.w.org\/{rel}","templated":true}]}}