{"id":2081,"date":"2019-10-09T15:46:27","date_gmt":"2019-10-09T18:46:27","guid":{"rendered":"http:\/\/miraserra.org.br\/?p=2081"},"modified":"2019-10-11T11:45:59","modified_gmt":"2019-10-11T14:45:59","slug":"conheca-o-tucano-de-bico-verde","status":"publish","type":"post","link":"https:\/\/miraserra.org.br\/index.php\/2019\/10\/09\/conheca-o-tucano-de-bico-verde\/","title":{"rendered":"CONHE\u00c7A O                TUCANO-DE-BICO-VERDE, da campanha pela FAUNA na MATA ATL\u00c2NTICA"},"content":{"rendered":"\n<p><a href=\"http:\/\/www.sitiodobem.com.br\/lojas-de-marcas\/instituto-mira-serra\">http:\/\/www.sitiodobem.com.br\/lojas-de-marcas\/instituto-mira-serra<\/a><\/p>\n\n\n\n<p style=\"text-align:center\" class=\"has-background has-pale-cyan-blue-background-color\"> <strong>Nome popular:<\/strong> Tucano-de-bico-verde                     <br> <strong>Nome cient\u00edfico:<\/strong> <em>Ramphastos dicolorus<\/em><\/p>\n\n\n\n<p style=\"text-align:left\">\n<strong>Foto\/texto:<\/strong>\nbi\u00f3l.MSc. Lisiane Becker<\/p>\n\n\n\n<p><strong>Distribui\u00e7\u00e3o geogr\u00e1fica<\/strong>: esp\u00e9cie end\u00eamica da Mata Atl\u00e2ntica. Nas regi\u00f5es Sul e Sudeste ocorre em altitudes entre 100 e 2000 m.  <\/p>\n\n\n\n<p><strong>Ecologia:<\/strong> nidificam em cavidades\/fendas de \u00e1rvores, barrancos, cupinzeiros e vespeiros abandonados, sendo a postura composta de 2 a 4 ovos. Habitualmente, necessitam de fragmentos florestais maiores que 90 ha, embora possam ser encontrados em \u00e1reas urbanas da serra ga\u00facha. Frug\u00edvoro, tamb\u00e9m se alimenta de outros animais (invertebrados e pequenos vertebrados como filhotes de aves \u2013 mantendo, assim, o equil\u00edbrio nas popula\u00e7\u00f5es de outras esp\u00e9cies). Vistos aos pares ou em grupos de 20 ou mais indiv\u00edduos.<\/p>\n\n\n\n<p><strong>Estado\nde conserva\u00e7\u00e3o: <\/strong>Ao\ncontr\u00e1rio do Tucanu\u00e7u<em>\n\/ Ramphastos toco, <\/em>que\nest\u00e1 em estado de \u201c<strong>vulnerabilidade\u201d<\/strong>\nno RS (e, por isto, s\u00edmbolo da MIRA-SERRA), o Tucano-de-bico-verde\nse encontra em situa\u00e7\u00e3o \u201c<strong>pouco\npreocupante\u201d<\/strong>.<\/p>\n\n\n\n<p><strong>Refer\u00eancia: <\/strong> <br>JESUS, Shayana de, Buzzato, Adriano C\u00e9sar &amp;  MONTEIRO-FILHO, Emygdio Leite de Araujo. Nidifica\u00e7\u00e3o de <em>Ramphastos dicolorus<\/em> (Linnaeus, 1766) (AVES: Ramphastidae) na Regi\u00e3o Metropolitana de Curitiba, Estado do Paran\u00e1. <strong>Ornithologia <\/strong>5(1):19-25, maio 2012  <\/p>\n\n\n\n<figure class=\"wp-block-image\"><img loading=\"lazy\" decoding=\"async\" width=\"1024\" height=\"592\" src=\"http:\/\/miraserra.org.br\/wp-content\/uploads\/2019\/10\/t-shirt-baby-look-e-regata-camiseta-desenho-mata-atlantica-tucano-de-bico-verde-p-1570641261638-1-1024x592.jpg\" alt=\"\" class=\"wp-image-2087\" srcset=\"https:\/\/miraserra.org.br\/wp-content\/uploads\/2019\/10\/t-shirt-baby-look-e-regata-camiseta-desenho-mata-atlantica-tucano-de-bico-verde-p-1570641261638-1-1024x592.jpg 1024w, https:\/\/miraserra.org.br\/wp-content\/uploads\/2019\/10\/t-shirt-baby-look-e-regata-camiseta-desenho-mata-atlantica-tucano-de-bico-verde-p-1570641261638-1-300x174.jpg 300w, https:\/\/miraserra.org.br\/wp-content\/uploads\/2019\/10\/t-shirt-baby-look-e-regata-camiseta-desenho-mata-atlantica-tucano-de-bico-verde-p-1570641261638-1-768x444.jpg 768w, https:\/\/miraserra.org.br\/wp-content\/uploads\/2019\/10\/t-shirt-baby-look-e-regata-camiseta-desenho-mata-atlantica-tucano-de-bico-verde-p-1570641261638-1.jpg 1222w\" sizes=\"auto, (max-width: 1024px) 100vw, 1024px\" \/><figcaption>Veja os v\u00e1rios modelos e tamanhos na loja: <a href=\"http:\/\/www.sitiodobem.com.br\/t-shirt-baby-look-e-regata\/camiseta-desenho-mata-atlantica-tucano-de-bico-verde--p\">http:\/\/www.sitiodobem.com.br\/t-shirt-baby-look-e-regata\/camiseta-desenho-mata-atlantica-tucano-de-bico-verde&#8211;p<\/a><\/figcaption><\/figure>\n\n\n\n<p class=\"has-background has-drop-cap has-medium-font-size has-light-green-cyan-background-color\"><strong>MATA ATL\u00c2NTICA: <\/strong><br><br><strong>O QUE \u00c9, PARA QUE SERVE?<\/strong> <\/p>\n\n\n\n<p>Consideram-se integrantes do Bioma Mata Atl\u00e2ntica as seguintes forma\u00e7\u00f5es florestais nativas e ecossistemas associados: Floresta Ombr\u00f3fila Densa; Floresta Ombr\u00f3fila Mista, tamb\u00e9m denominada de Mata de Arauc\u00e1rias; Floresta Ombr\u00f3fila Aberta; Floresta Estacional Semidecidual; e Floresta Estacional Decidual, bem como os manguezais, as vegeta\u00e7\u00f5es de restingas, campos de altitude, brejos interioranos e encraves florestais do Nordeste  (e<em>xtra\u00eddo do art. 2\u00ba, Lei Federal n\u00ba 11.428\/2006<\/em>). <\/p>\n\n\n\n<p>Decretada Reserva da Biosfera, pela UNESCO, e protegida como Patrim\u00f4nio Nacional, a Mata Atl\u00e2ntica \u00e9 a quinta floresta mais amea\u00e7ada de extin\u00e7\u00e3o do mundo. Ocorre em 17 estados do Brasil, sendo que cerca de 70% da popula\u00e7\u00e3o brasileira dela depende. <\/p>\n\n\n\n<p>Apesar de estar reduzida a menos de 10% da sua cobertura original, a Mata atl\u00e2ntica \u00e9, ainda, uma das regi\u00f5es mais ricas em biodiversidade do planeta. Ela \u00e9 respons\u00e1vel pela manuten\u00e7\u00e3o da qualidade\/quantidade de \u00e1gua, pelo controle do equil\u00edbrio clim\u00e1tico, pelo combate \u00e0 eros\u00e3o de encostas, pela fertilidade do solo, pela gera\u00e7\u00e3o de emprego e renda, pelo fornecimento de material gen\u00e9tico para ind\u00fastria farmac\u00eautica e aliment\u00edcia, pela qualidade de vida das popula\u00e7\u00f5es, entre tantos outros servi\u00e7os ambientais inestim\u00e1veis.<\/p>\n\n\n\n<p style=\"text-align:center\" class=\"has-background has-drop-cap has-light-green-cyan-background-color\"> \u00c9 importante destacar que os animais silvestres s\u00e3o os principais mantenedores da Mata Atl\u00e2ntica, pois dispersam as suas sementes com efic\u00e1cia \u2013 e, com isto, participam da conserva\u00e7\u00e3o dos recursos h\u00eddricos.<\/p>\n\n\n\n<figure class=\"wp-block-image\"><img loading=\"lazy\" decoding=\"async\" width=\"684\" height=\"641\" src=\"http:\/\/miraserra.org.br\/wp-content\/uploads\/2019\/10\/IMG-20191009-WA0013-1.jpg\" alt=\"\" class=\"wp-image-2097\" srcset=\"https:\/\/miraserra.org.br\/wp-content\/uploads\/2019\/10\/IMG-20191009-WA0013-1.jpg 684w, https:\/\/miraserra.org.br\/wp-content\/uploads\/2019\/10\/IMG-20191009-WA0013-1-300x281.jpg 300w\" sizes=\"auto, (max-width: 684px) 100vw, 684px\" \/><figcaption> Veja os v\u00e1rios modelos e tamanhos na loja: <a href=\"http:\/\/www.sitiodobem.com.br\/t-shirt-baby-look-e-regata\/camiseta-desenho-mata-atlantica-tucano-de-bico-verde--p\">http:\/\/www.sitiodobem.com.br\/t-shirt-baby-look-e-regata\/camiseta-desenho-mata-atlantica-tucano-de-bico-verde&#8211;p<\/a> <\/figcaption><\/figure>\n","protected":false},"excerpt":{"rendered":"<p>http:\/\/www.sitiodobem.com.br\/lojas-de-marcas\/instituto-mira-serra Nome popular: Tucano-de-bico-verde Nome cient\u00edfico: Ramphastos dicolorus Foto\/texto: bi\u00f3l.MSc. Lisiane Becker Distribui\u00e7\u00e3o geogr\u00e1fica: esp\u00e9cie end\u00eamica da Mata Atl\u00e2ntica. Nas<\/p>\n","protected":false},"author":1,"featured_media":2093,"comment_status":"closed","ping_status":"closed","sticky":false,"template":"","format":"standard","meta":{"colormag_page_container_layout":"default_layout","colormag_page_sidebar_layout":"default_layout","_themeisle_gutenberg_block_has_review":false,"footnotes":""},"categories":[161],"tags":[162,163,164],"class_list":["post-2081","post","type-post","status-publish","format-standard","has-post-thumbnail","hentry","category-loja-mira-serra","tag-loja","tag-mata-atlantica","tag-tucano"],"_links":{"self":[{"href":"https:\/\/miraserra.org.br\/index.php\/wp-json\/wp\/v2\/posts\/2081","targetHints":{"allow":["GET"]}}],"collection":[{"href":"https:\/\/miraserra.org.br\/index.php\/wp-json\/wp\/v2\/posts"}],"about":[{"href":"https:\/\/miraserra.org.br\/index.php\/wp-json\/wp\/v2\/types\/post"}],"author":[{"embeddable":true,"href":"https:\/\/miraserra.org.br\/index.php\/wp-json\/wp\/v2\/users\/1"}],"replies":[{"embeddable":true,"href":"https:\/\/miraserra.org.br\/index.php\/wp-json\/wp\/v2\/comments?post=2081"}],"version-history":[{"count":7,"href":"https:\/\/miraserra.org.br\/index.php\/wp-json\/wp\/v2\/posts\/2081\/revisions"}],"predecessor-version":[{"id":2098,"href":"https:\/\/miraserra.org.br\/index.php\/wp-json\/wp\/v2\/posts\/2081\/revisions\/2098"}],"wp:featuredmedia":[{"embeddable":true,"href":"https:\/\/miraserra.org.br\/index.php\/wp-json\/wp\/v2\/media\/2093"}],"wp:attachment":[{"href":"https:\/\/miraserra.org.br\/index.php\/wp-json\/wp\/v2\/media?parent=2081"}],"wp:term":[{"taxonomy":"category","embeddable":true,"href":"https:\/\/miraserra.org.br\/index.php\/wp-json\/wp\/v2\/categories?post=2081"},{"taxonomy":"post_tag","embeddable":true,"href":"https:\/\/miraserra.org.br\/index.php\/wp-json\/wp\/v2\/tags?post=2081"}],"curies":[{"name":"wp","href":"https:\/\/api.w.org\/{rel}","templated":true}]}}