{"id":2099,"date":"2019-10-10T15:14:36","date_gmt":"2019-10-10T18:14:36","guid":{"rendered":"http:\/\/miraserra.org.br\/?p=2099"},"modified":"2019-10-11T11:45:27","modified_gmt":"2019-10-11T14:45:27","slug":"conheca-o-bugio-ruivo-da-campanha-pela-fauna-na-mata-atlantica","status":"publish","type":"post","link":"https:\/\/miraserra.org.br\/index.php\/2019\/10\/10\/conheca-o-bugio-ruivo-da-campanha-pela-fauna-na-mata-atlantica\/","title":{"rendered":"CONHE\u00c7A O BUGIO-RUIVO,          da campanha pela FAUNA na MATA ATL\u00c2NTICA"},"content":{"rendered":"\n<p><a href=\"http:\/\/www.sitiodobem.com.br\/lojas-de-marcas\/instituto-mira-serra\">htt<strong>p:\/\/www.sitiodobem.com.br\/lojas-de-marcas\/instituto-mira-serra<\/strong><\/a><\/p>\n\n\n\n<p style=\"text-align:center\" class=\"has-background has-pale-cyan-blue-background-color\"><strong>Nome popular<\/strong>: BUGIO-RUIVO <br><strong>Nome cient\u00edfico<\/strong>:<em> Aloutta guariba clamitans <\/em><\/p>\n\n\n\n<figure class=\"wp-block-image\"><img loading=\"lazy\" decoding=\"async\" width=\"1024\" height=\"592\" src=\"http:\/\/miraserra.org.br\/wp-content\/uploads\/2019\/10\/lojas-de-marcas-instituto-mira-serra-camiseta-desenho-mata-atlantica-bugio-ruivo-p-1570548106743-1-1024x592.jpg\" alt=\"\" class=\"wp-image-2103\" srcset=\"https:\/\/miraserra.org.br\/wp-content\/uploads\/2019\/10\/lojas-de-marcas-instituto-mira-serra-camiseta-desenho-mata-atlantica-bugio-ruivo-p-1570548106743-1-1024x592.jpg 1024w, https:\/\/miraserra.org.br\/wp-content\/uploads\/2019\/10\/lojas-de-marcas-instituto-mira-serra-camiseta-desenho-mata-atlantica-bugio-ruivo-p-1570548106743-1-300x174.jpg 300w, https:\/\/miraserra.org.br\/wp-content\/uploads\/2019\/10\/lojas-de-marcas-instituto-mira-serra-camiseta-desenho-mata-atlantica-bugio-ruivo-p-1570548106743-1-768x444.jpg 768w, https:\/\/miraserra.org.br\/wp-content\/uploads\/2019\/10\/lojas-de-marcas-instituto-mira-serra-camiseta-desenho-mata-atlantica-bugio-ruivo-p-1570548106743-1.jpg 1222w\" sizes=\"auto, (max-width: 1024px) 100vw, 1024px\" \/><figcaption><strong>A<\/strong> <strong>imagem utilizada na estampa foi cedida pelo Prof. Dr. J\u00falio C\u00e9sar Bicca-Marques<\/strong> <br><br> Veja os v\u00e1rios modelos e tamanhos em<br><a href=\"http:\/\/www.sitiodobem.com.br\/t-shirt-baby-look-e-regata\/camiseta-desenho-mata-atlantica-bugio-ruivo--p\">http:\/\/www.sitiodobem.com.br\/t-shirt-baby-look-e-regata\/camiseta-desenho-mata-atlantica-bugio-ruivo&#8211;p<\/a> <strong> <\/strong><\/figcaption><\/figure>\n\n\n\n<p><strong>Texto<\/strong>: Bi\u00f3l. MSc. Lisiane Becker<\/p>\n\n\n\n<p style=\"text-align:left\"><strong> Distribui\u00e7\u00e3o Geogr\u00e1fica: <\/strong>esp\u00e9cie end\u00eamica da Mata Atl\u00e2ntica (e ecossistemas associados)<\/p>\n\n\n\n<p style=\"text-align:left\"><strong>Ecologia<\/strong>: vivem em grupos de 4 a 5 indiv\u00edduos, os quais podem chegar a 11 indiv\u00edduos. O tamanho da \u00e1rea de vida varia consideravelmente (o menor registrado foi inferior a 1 ha). Se alimenta de folhas, frutos, flores e caules tenros &#8211; portanto, s\u00e3o agentes da regenera\u00e7\u00e3o das florestas pela a\u00e7\u00e3o de polinizadora. Devido \u00e0 sua maior sensibilidade \u00e0 febre amarela, tem grande import\u00e2ncia no combate \u00e0 doen\u00e7a em humanos, pois s\u00e3o indicadores da circula\u00e7\u00e3o do v\u00edrus no meio ambiente.&nbsp;<\/p>\n\n\n\n<p style=\"text-align:left\"><strong>Estado de conserva\u00e7\u00e3o: <\/strong>no Rio Grande do Sul \u00e9 classificada como Vulner\u00e1vel, devido \u00e0 perda e altera\u00e7\u00e3o de seu h\u00e1bitat (desmatamento, desconex\u00e3o e redu\u00e7\u00e3o), \u00e0 ca\u00e7a, ao com\u00e9rcio ilegal de mascotes, aos acidentes com c\u00e3es dom\u00e9sticos e com a rede el\u00e9trica, assim como aos surtos de febre amarela silvestre &#8211; que levou \u00e0 extin\u00e7\u00e3o popula\u00e7\u00f5es locais.&nbsp;<\/p>\n\n\n\n<p><strong>Refer\u00eancia:<\/strong><br>BICCA-MARQUES, J\u00falio C\u00e9sar. 2018. <em>Alouatta guariba clamitans<\/em> Cabrera, 1940. In: Instituto Chico Mendes de Conserva\u00e7\u00e3o da Biodiversidade. (Org.). <strong>Livro Vermelho da Fauna Brasileira Amea\u00e7ada de Extin\u00e7\u00e3o<\/strong>: Volume II &#8211; Mam\u00edferos. Bras\u00edlia: ICMBio. p. 155-161.<\/p>\n\n\n\n<figure class=\"wp-block-image\"><img loading=\"lazy\" decoding=\"async\" width=\"684\" height=\"641\" src=\"http:\/\/miraserra.org.br\/wp-content\/uploads\/2019\/10\/IMG-20191009-WA0016-1-1.jpg\" alt=\"\" class=\"wp-image-2104\" srcset=\"https:\/\/miraserra.org.br\/wp-content\/uploads\/2019\/10\/IMG-20191009-WA0016-1-1.jpg 684w, https:\/\/miraserra.org.br\/wp-content\/uploads\/2019\/10\/IMG-20191009-WA0016-1-1-300x281.jpg 300w\" sizes=\"auto, (max-width: 684px) 100vw, 684px\" \/><figcaption> <strong>A<\/strong> <strong>imagem utilizada na estampa foi cedida pelo Prof. Dr. J\u00falio C\u00e9sar Bicca-Marques<\/strong> <br><br> Veja os v\u00e1rios modelos e tamanhos em<br><a href=\"http:\/\/www.sitiodobem.com.br\/t-shirt-baby-look-e-regata\/camiseta-desenho-mata-atlantica-bugio-ruivo--p\">http:\/\/www.sitiodobem.com.br\/t-shirt-baby-look-e-regata\/camiseta-desenho-mata-atlantica-bugio-ruivo&#8211;p<\/a>  <\/figcaption><\/figure>\n\n\n\n<p class=\"has-background has-drop-cap has-light-green-cyan-background-color\"> <strong>MATA ATL\u00c2NTICA: <\/strong><br><br><strong>O QUE \u00c9, PARA QUE SERVE?<\/strong> <\/p>\n\n\n\n<p>Consideram-se integrantes do Bioma Mata Atl\u00e2ntica as seguintes forma\u00e7\u00f5es florestais nativas e ecossistemas associados: Floresta Ombr\u00f3fila Densa; Floresta Ombr\u00f3fila Mista, tamb\u00e9m denominada de Mata de Arauc\u00e1rias; Floresta Ombr\u00f3fila Aberta; Floresta Estacional Semidecidual; e Floresta Estacional Decidual, bem como os manguezais, as vegeta\u00e7\u00f5es de restingas, campos de altitude, brejos interioranos e encraves florestais do Nordeste (e<em>xtra\u00eddo do art. 2\u00ba, Lei Federal n\u00ba 11.428\/2006<\/em>). <\/p>\n\n\n\n<p>Decretada Reserva da Biosfera, pela UNESCO, e protegida como Patrim\u00f4nio Nacional, a Mata Atl\u00e2ntica \u00e9 a quinta floresta mais amea\u00e7ada de extin\u00e7\u00e3o .do mundo. Ocorre em 17 estados do Brasil, sendo que cerca de 70% da popula\u00e7\u00e3o brasileira dela depende.  <\/p>\n\n\n\n<p> Apesar de estar reduzida a menos de 10% da sua cobertura original, a Mata atl\u00e2ntica \u00e9, ainda, uma das regi\u00f5es mais ricas em biodiversidade do planeta. Ela \u00e9 respons\u00e1vel pela manuten\u00e7\u00e3o da qualidade\/quantidade de \u00e1gua, pelo controle do equil\u00edbrio clim\u00e1tico, pelo combate \u00e0 eros\u00e3o de encostas, pela fertilidade do solo, pela gera\u00e7\u00e3o de emprego e renda, pelo fornecimento de material gen\u00e9tico para ind\u00fastria farmac\u00eautica e aliment\u00edcia, pela qualidade de vida das popula\u00e7\u00f5es, entre tantos outros servi\u00e7os ambientais inestim\u00e1veis.  <\/p>\n\n\n\n<p style=\"text-align:center\" class=\"has-background has-drop-cap has-light-green-cyan-background-color\">\n\u00c9\nimportante destacar que os animais silvestres s\u00e3o os principais\nmantenedores da Mata Atl\u00e2ntica, pois dispersam as suas sementes com\nefic\u00e1cia \u2013 e, com isto, participam da conserva\u00e7\u00e3o dos recursos\nh\u00eddricos. \n<\/p>\n","protected":false},"excerpt":{"rendered":"<p>http:\/\/www.sitiodobem.com.br\/lojas-de-marcas\/instituto-mira-serra Nome popular: BUGIO-RUIVO Nome cient\u00edfico: Aloutta guariba clamitans Texto: Bi\u00f3l. MSc. Lisiane Becker Distribui\u00e7\u00e3o Geogr\u00e1fica: esp\u00e9cie end\u00eamica da Mata<\/p>\n","protected":false},"author":1,"featured_media":2095,"comment_status":"closed","ping_status":"closed","sticky":false,"template":"","format":"standard","meta":{"colormag_page_container_layout":"default_layout","colormag_page_sidebar_layout":"default_layout","_themeisle_gutenberg_block_has_review":false,"footnotes":""},"categories":[161],"tags":[165,162,163],"class_list":["post-2099","post","type-post","status-publish","format-standard","has-post-thumbnail","hentry","category-loja-mira-serra","tag-bugio","tag-loja","tag-mata-atlantica"],"_links":{"self":[{"href":"https:\/\/miraserra.org.br\/index.php\/wp-json\/wp\/v2\/posts\/2099","targetHints":{"allow":["GET"]}}],"collection":[{"href":"https:\/\/miraserra.org.br\/index.php\/wp-json\/wp\/v2\/posts"}],"about":[{"href":"https:\/\/miraserra.org.br\/index.php\/wp-json\/wp\/v2\/types\/post"}],"author":[{"embeddable":true,"href":"https:\/\/miraserra.org.br\/index.php\/wp-json\/wp\/v2\/users\/1"}],"replies":[{"embeddable":true,"href":"https:\/\/miraserra.org.br\/index.php\/wp-json\/wp\/v2\/comments?post=2099"}],"version-history":[{"count":6,"href":"https:\/\/miraserra.org.br\/index.php\/wp-json\/wp\/v2\/posts\/2099\/revisions"}],"predecessor-version":[{"id":2109,"href":"https:\/\/miraserra.org.br\/index.php\/wp-json\/wp\/v2\/posts\/2099\/revisions\/2109"}],"wp:featuredmedia":[{"embeddable":true,"href":"https:\/\/miraserra.org.br\/index.php\/wp-json\/wp\/v2\/media\/2095"}],"wp:attachment":[{"href":"https:\/\/miraserra.org.br\/index.php\/wp-json\/wp\/v2\/media?parent=2099"}],"wp:term":[{"taxonomy":"category","embeddable":true,"href":"https:\/\/miraserra.org.br\/index.php\/wp-json\/wp\/v2\/categories?post=2099"},{"taxonomy":"post_tag","embeddable":true,"href":"https:\/\/miraserra.org.br\/index.php\/wp-json\/wp\/v2\/tags?post=2099"}],"curies":[{"name":"wp","href":"https:\/\/api.w.org\/{rel}","templated":true}]}}