{"id":2110,"date":"2019-10-07T15:37:29","date_gmt":"2019-10-07T18:37:29","guid":{"rendered":"http:\/\/miraserra.org.br\/?p=2110"},"modified":"2019-10-10T15:38:44","modified_gmt":"2019-10-10T18:38:44","slug":"setores-se-mobilizam-pela-discussao-do-codigo-ambiental","status":"publish","type":"post","link":"https:\/\/miraserra.org.br\/index.php\/2019\/10\/07\/setores-se-mobilizam-pela-discussao-do-codigo-ambiental\/","title":{"rendered":"Setores se mobilizam pela discuss\u00e3o do C\u00f3digo Ambiental"},"content":{"rendered":"\n<figure class=\"wp-block-image\"><img loading=\"lazy\" decoding=\"async\" width=\"1024\" height=\"498\" src=\"http:\/\/miraserra.org.br\/wp-content\/uploads\/2019\/10\/72260714_2968089009871901_1933571599231877120_o-1024x498.jpg\" alt=\"\" class=\"wp-image-2111\" srcset=\"https:\/\/miraserra.org.br\/wp-content\/uploads\/2019\/10\/72260714_2968089009871901_1933571599231877120_o-1024x498.jpg 1024w, https:\/\/miraserra.org.br\/wp-content\/uploads\/2019\/10\/72260714_2968089009871901_1933571599231877120_o-300x146.jpg 300w, https:\/\/miraserra.org.br\/wp-content\/uploads\/2019\/10\/72260714_2968089009871901_1933571599231877120_o-768x373.jpg 768w, https:\/\/miraserra.org.br\/wp-content\/uploads\/2019\/10\/72260714_2968089009871901_1933571599231877120_o.jpg 1316w\" sizes=\"auto, (max-width: 1024px) 100vw, 1024px\" \/><\/figure>\n\n\n\n<p>Nesta tarde, houve reuni\u00e3o de v\u00e1rios segmentos, na Assembl\u00e9ia Legislativa-RS, para definir estrat\u00e9gias CONTRA o regime de urg\u00eancia do governo para tratar das altera\u00e7\u00f5es do C\u00f3digo Estadual do Meio Ambiente, tamb\u00e9m atingindo o C\u00f3digo Estadual Florestal.<\/p>\n\n\n\n<p>\nA\nbi\u00f3l. Lisiane Becker (presidente do Inst. MIRA-SERRA e membro do\nConselho de Coordena\u00e7\u00e3o da Rede de ONGs da Mata Atl\u00e2ntica)\nsalientou que inexiste uma s\u00f3 justificativa t\u00e9cnica para cada\naltera\u00e7\u00e3o constante no PL. Se disponibilizou a\nintegrar o Grupo de Trabalho T\u00e9cnico, em constru\u00e7\u00e3o.<\/p>\n\n\n\n<p>Cabe lembrar, que at\u00e9 o momento, a minuta n\u00e3o foi apresentada ao Conselho Estadual do Meio Ambiente, apesar do solicitado pelas ONGs ambientalistas nas vagas da APEDeMA-RS.<\/p>\n\n\n\n<figure class=\"wp-block-image\"><img loading=\"lazy\" decoding=\"async\" width=\"960\" height=\"720\" src=\"http:\/\/miraserra.org.br\/wp-content\/uploads\/2019\/10\/72335165_2968089136538555_4493097470259101696_n.jpg\" alt=\"\" class=\"wp-image-2112\" srcset=\"https:\/\/miraserra.org.br\/wp-content\/uploads\/2019\/10\/72335165_2968089136538555_4493097470259101696_n.jpg 960w, https:\/\/miraserra.org.br\/wp-content\/uploads\/2019\/10\/72335165_2968089136538555_4493097470259101696_n-300x225.jpg 300w, https:\/\/miraserra.org.br\/wp-content\/uploads\/2019\/10\/72335165_2968089136538555_4493097470259101696_n-768x576.jpg 768w\" sizes=\"auto, (max-width: 960px) 100vw, 960px\" \/><\/figure>\n\n\n\n<p>Munic\u00edpios foram exclu\u00eddos da an\u00e1lise, assim como a sociedade civil. Por tudo isto, se prev\u00ea inseguran\u00e7a t\u00e9cnica e jur\u00eddica, para gestores e empreendedores<\/p>\n","protected":false},"excerpt":{"rendered":"<p>Nesta tarde, houve reuni\u00e3o de v\u00e1rios segmentos, na Assembl\u00e9ia Legislativa-RS, para definir estrat\u00e9gias CONTRA o regime de urg\u00eancia do governo<\/p>\n","protected":false},"author":1,"featured_media":2111,"comment_status":"closed","ping_status":"closed","sticky":false,"template":"","format":"standard","meta":{"colormag_page_container_layout":"default_layout","colormag_page_sidebar_layout":"default_layout","_themeisle_gutenberg_block_has_review":false,"footnotes":""},"categories":[77,87,73],"tags":[159,156],"class_list":["post-2110","post","type-post","status-publish","format-standard","has-post-thumbnail","hentry","category-agenda","category-assembleia-legislativa","category-noticias","tag-alergs","tag-codigo-ambiental"],"_links":{"self":[{"href":"https:\/\/miraserra.org.br\/index.php\/wp-json\/wp\/v2\/posts\/2110","targetHints":{"allow":["GET"]}}],"collection":[{"href":"https:\/\/miraserra.org.br\/index.php\/wp-json\/wp\/v2\/posts"}],"about":[{"href":"https:\/\/miraserra.org.br\/index.php\/wp-json\/wp\/v2\/types\/post"}],"author":[{"embeddable":true,"href":"https:\/\/miraserra.org.br\/index.php\/wp-json\/wp\/v2\/users\/1"}],"replies":[{"embeddable":true,"href":"https:\/\/miraserra.org.br\/index.php\/wp-json\/wp\/v2\/comments?post=2110"}],"version-history":[{"count":1,"href":"https:\/\/miraserra.org.br\/index.php\/wp-json\/wp\/v2\/posts\/2110\/revisions"}],"predecessor-version":[{"id":2113,"href":"https:\/\/miraserra.org.br\/index.php\/wp-json\/wp\/v2\/posts\/2110\/revisions\/2113"}],"wp:featuredmedia":[{"embeddable":true,"href":"https:\/\/miraserra.org.br\/index.php\/wp-json\/wp\/v2\/media\/2111"}],"wp:attachment":[{"href":"https:\/\/miraserra.org.br\/index.php\/wp-json\/wp\/v2\/media?parent=2110"}],"wp:term":[{"taxonomy":"category","embeddable":true,"href":"https:\/\/miraserra.org.br\/index.php\/wp-json\/wp\/v2\/categories?post=2110"},{"taxonomy":"post_tag","embeddable":true,"href":"https:\/\/miraserra.org.br\/index.php\/wp-json\/wp\/v2\/tags?post=2110"}],"curies":[{"name":"wp","href":"https:\/\/api.w.org\/{rel}","templated":true}]}}