{"id":2198,"date":"2019-10-14T22:29:47","date_gmt":"2019-10-15T01:29:47","guid":{"rendered":"http:\/\/miraserra.org.br\/?p=2198"},"modified":"2019-10-19T15:10:33","modified_gmt":"2019-10-19T18:10:33","slug":"apedema-rs-se-manifesta-sobre-o-novo-codigo-ambiental","status":"publish","type":"post","link":"https:\/\/miraserra.org.br\/index.php\/2019\/10\/14\/apedema-rs-se-manifesta-sobre-o-novo-codigo-ambiental\/","title":{"rendered":"APEDeMA-RS se manifesta sobre o novo C\u00f3digo Ambiental"},"content":{"rendered":"\n<figure class=\"wp-block-image\"><img loading=\"lazy\" decoding=\"async\" width=\"1024\" height=\"498\" src=\"http:\/\/miraserra.org.br\/wp-content\/uploads\/2019\/10\/20191014_094234-1024x498.jpg\" alt=\"\" class=\"wp-image-2199\" srcset=\"https:\/\/miraserra.org.br\/wp-content\/uploads\/2019\/10\/20191014_094234-1024x498.jpg 1024w, https:\/\/miraserra.org.br\/wp-content\/uploads\/2019\/10\/20191014_094234-300x146.jpg 300w, https:\/\/miraserra.org.br\/wp-content\/uploads\/2019\/10\/20191014_094234-768x373.jpg 768w\" sizes=\"auto, (max-width: 1024px) 100vw, 1024px\" \/><\/figure>\n\n\n\n<p class=\"has-drop-cap\">Nota da APEDEMA, contra altera\u00e7\u00f5es no C\u00f3digo Estadual do Meio Ambiente, e em regime de urg\u00eancia, foi lida pela presidente da MIRA SERRA no evento &#8220;O futuro do futuro&#8221; &#8211;  realizado no dia 14. <br>A bi\u00f3loga acrescentou que o Comit\u00ea Estadual da Reserva da Biosfera da Mata Atl\u00e2ntica e, tamb\u00e9m,  o ,Conselho Nacional, encaminhar\u00e3o suas  respectivas manifesta\u00e7\u00f5es.<\/p>\n\n\n\n<figure class=\"wp-block-image\"><img loading=\"lazy\" decoding=\"async\" width=\"550\" height=\"434\" src=\"http:\/\/miraserra.org.br\/wp-content\/uploads\/2019\/10\/20191014_171512.jpg\" alt=\"\" class=\"wp-image-2200\" srcset=\"https:\/\/miraserra.org.br\/wp-content\/uploads\/2019\/10\/20191014_171512.jpg 550w, https:\/\/miraserra.org.br\/wp-content\/uploads\/2019\/10\/20191014_171512-300x237.jpg 300w\" sizes=\"auto, (max-width: 550px) 100vw, 550px\" \/><\/figure>\n\n\n\n<p class=\"has-drop-cap\">Veja mat\u00e9ria em: <a href=\"https:\/\/agirazul.com\/arquivos\/8021\">https:\/\/agirazul.com\/arquivos\/8021<\/a><\/p>\n","protected":false},"excerpt":{"rendered":"<p>Nota da APEDEMA, contra altera\u00e7\u00f5es no C\u00f3digo Estadual do Meio Ambiente, e em regime de urg\u00eancia, foi lida pela presidente<\/p>\n","protected":false},"author":1,"featured_media":2200,"comment_status":"closed","ping_status":"closed","sticky":false,"template":"","format":"standard","meta":{"colormag_page_container_layout":"default_layout","colormag_page_sidebar_layout":"default_layout","_themeisle_gutenberg_block_has_review":false,"footnotes":""},"categories":[44,73],"tags":[177,176,178,175],"class_list":["post-2198","post","type-post","status-publish","format-standard","has-post-thumbnail","hentry","category-mp","category-noticias","tag-apedema-rs","tag-codigo-ambiental-rs","tag-ministerio-publico","tag-oab"],"_links":{"self":[{"href":"https:\/\/miraserra.org.br\/index.php\/wp-json\/wp\/v2\/posts\/2198","targetHints":{"allow":["GET"]}}],"collection":[{"href":"https:\/\/miraserra.org.br\/index.php\/wp-json\/wp\/v2\/posts"}],"about":[{"href":"https:\/\/miraserra.org.br\/index.php\/wp-json\/wp\/v2\/types\/post"}],"author":[{"embeddable":true,"href":"https:\/\/miraserra.org.br\/index.php\/wp-json\/wp\/v2\/users\/1"}],"replies":[{"embeddable":true,"href":"https:\/\/miraserra.org.br\/index.php\/wp-json\/wp\/v2\/comments?post=2198"}],"version-history":[{"count":1,"href":"https:\/\/miraserra.org.br\/index.php\/wp-json\/wp\/v2\/posts\/2198\/revisions"}],"predecessor-version":[{"id":2201,"href":"https:\/\/miraserra.org.br\/index.php\/wp-json\/wp\/v2\/posts\/2198\/revisions\/2201"}],"wp:featuredmedia":[{"embeddable":true,"href":"https:\/\/miraserra.org.br\/index.php\/wp-json\/wp\/v2\/media\/2200"}],"wp:attachment":[{"href":"https:\/\/miraserra.org.br\/index.php\/wp-json\/wp\/v2\/media?parent=2198"}],"wp:term":[{"taxonomy":"category","embeddable":true,"href":"https:\/\/miraserra.org.br\/index.php\/wp-json\/wp\/v2\/categories?post=2198"},{"taxonomy":"post_tag","embeddable":true,"href":"https:\/\/miraserra.org.br\/index.php\/wp-json\/wp\/v2\/tags?post=2198"}],"curies":[{"name":"wp","href":"https:\/\/api.w.org\/{rel}","templated":true}]}}