{"id":2230,"date":"2019-10-28T09:58:13","date_gmt":"2019-10-28T12:58:13","guid":{"rendered":"http:\/\/miraserra.org.br\/?p=2230"},"modified":"2019-10-29T11:16:12","modified_gmt":"2019-10-29T14:16:12","slug":"19-anos-de-mira-serra","status":"publish","type":"post","link":"https:\/\/miraserra.org.br\/index.php\/2019\/10\/28\/19-anos-de-mira-serra\/","title":{"rendered":"19 anos de MIRA-SERRA"},"content":{"rendered":"\n<p style=\"text-align:center\" class=\"has-background has-light-green-cyan-background-color\"><strong>LAN\u00c7AMENTO DE CAMISETAS MARCA 19 ANOS DA MIRA-SERRA E PARCERIA COM S\u00cdTIO DO BEM<\/strong><\/p>\n\n\n\n<p><\/p>\n\n\n\n<p>Bugio-ruivo e Tucano-de-bico-verde inauguram a cole\u00e7\u00e3o de camisetas.<\/p>\n\n\n\n<p>O Instituto MIRA-SERRA marca seus 19 anos \u201cPor dentro da Mata Atl\u00e2ntica\u201d com o lan\u00e7amento das camisetas <a href=\"http:\/\/miraserra.org.br\/index.php\/2019\/10\/10\/conheca-o-bugio-ruivo-da-campanha-pela-fauna-na-mata-atlantica\/\">Bugio-ruivo<\/a> e <a href=\"http:\/\/miraserra.org.br\/index.php\/2019\/10\/09\/conheca-o-tucano-de-bico-verde\/\">Tucano-de-bico-verde<\/a>, esp\u00e9cies end\u00eamicas do bioma. <\/p>\n\n\n\n<figure class=\"wp-block-image\"><img loading=\"lazy\" decoding=\"async\" width=\"900\" height=\"600\" src=\"http:\/\/miraserra.org.br\/wp-content\/uploads\/2019\/10\/IMG-20190920-WA0043-1.jpg\" alt=\"\" class=\"wp-image-2237\" srcset=\"https:\/\/miraserra.org.br\/wp-content\/uploads\/2019\/10\/IMG-20190920-WA0043-1.jpg 900w, https:\/\/miraserra.org.br\/wp-content\/uploads\/2019\/10\/IMG-20190920-WA0043-1-300x200.jpg 300w, https:\/\/miraserra.org.br\/wp-content\/uploads\/2019\/10\/IMG-20190920-WA0043-1-768x512.jpg 768w\" sizes=\"auto, (max-width: 900px) 100vw, 900px\" \/><\/figure>\n\n\n\n<p class=\"has-drop-cap\">A parceria da ONG com o S\u00edtio do Bem visa divulgar a import\u00e2ncia da fauna silvestre nativa e da Mata Atl\u00e2ntica e, ainda, permite doa\u00e7\u00f5es para a entidade.<\/p>\n\n\n\n<p>Segundo a coordenadora-presidente da MIRA-SERRA, bi\u00f3loga Lisiane Becker, al\u00e9m da celebra\u00e7\u00e3o dos 19 anos, a parceria no S\u00edtio do Bem materializa os objetivos da institui\u00e7\u00e3o em prol da fauna deste bioma, \u201cnesta \u00e9poca em que h\u00e1 grande press\u00e3o para a extin\u00e7\u00e3o da biodiversidade\u201d. <\/p>\n\n\n\n<p class=\"has-drop-cap\">A loja da MIRA-SERRA no S\u00edtio do Bem oferece camisetas em v\u00e1rios modelos e tamanhos, possibilitando diversas formas de pagamento e modalidades de frete, com entrega em todo o Brasil e no exterior.<\/p>\n\n\n\n<p class=\"has-background has-very-light-gray-background-color\"><strong>Outras esp\u00e9cies nativas ser\u00e3o acrescentadas na cole\u00e7\u00e3o da MIRA-SERRA.<\/strong><\/p>\n\n\n\n<p>O site de e-commerce do S\u00edtio do Bem representa camisetas com marcas de ONGs na internet, como Projeto Bicho de Rua e Princ\u00edpio Animal. <\/p>\n\n\n\n<p class=\"has-drop-cap\">A diretora comercial do S\u00edtio do Bem, publicit\u00e1ria Sonia Grisolia, destaca que cada camiseta da MIRA-SERRA ser\u00e1 entregue com um volante informativo sobre a Mata Atl\u00e2ntica e o animal retratado na estampa. <\/p>\n\n\n\n<ul class=\"wp-block-gallery columns-2 is-cropped wp-block-gallery-1 is-layout-flex wp-block-gallery-is-layout-flex\"><li class=\"blocks-gallery-item\"><figure><img loading=\"lazy\" decoding=\"async\" width=\"675\" height=\"642\" src=\"http:\/\/miraserra.org.br\/wp-content\/uploads\/2019\/10\/IMG-20190920-WA0039-1.jpg\" alt=\"\" data-id=\"2238\" class=\"wp-image-2238\" srcset=\"https:\/\/miraserra.org.br\/wp-content\/uploads\/2019\/10\/IMG-20190920-WA0039-1.jpg 675w, https:\/\/miraserra.org.br\/wp-content\/uploads\/2019\/10\/IMG-20190920-WA0039-1-300x285.jpg 300w\" sizes=\"auto, (max-width: 675px) 100vw, 675px\" \/><\/figure><\/li><li class=\"blocks-gallery-item\"><figure><img loading=\"lazy\" decoding=\"async\" width=\"675\" height=\"642\" src=\"http:\/\/miraserra.org.br\/wp-content\/uploads\/2019\/10\/IMG-20190920-WA0047-1.jpg\" alt=\"\" data-id=\"2239\" data-link=\"http:\/\/miraserra.org.br\/?attachment_id=2239\" class=\"wp-image-2239\" srcset=\"https:\/\/miraserra.org.br\/wp-content\/uploads\/2019\/10\/IMG-20190920-WA0047-1.jpg 675w, https:\/\/miraserra.org.br\/wp-content\/uploads\/2019\/10\/IMG-20190920-WA0047-1-300x285.jpg 300w\" sizes=\"auto, (max-width: 675px) 100vw, 675px\" \/><\/figure><\/li><\/ul>\n\n\n\n<p>\u201cA embalagem para presente de cada camiseta tamb\u00e9m \u00e9 um diferencial e todos que fizerem doa\u00e7\u00f5es, concorrem a brindes maravilhosos\u201d. <\/p>\n\n\n\n<p class=\"has-background has-light-green-cyan-background-color\">Mais informa\u00e7\u00f5es e entrevistas:<\/p>\n\n\n\n<p>Instituto MIRA-SERRA  <br> Bi\u00f3l. Lisiane Becker<br> (51) 99267.4201<br> miraserra@miraserra.org.br<br> http:\/\/miraserra.org.br\/<br>https:\/\/www.facebook.com\/ONGMiraserra<\/p>\n\n\n\n<p>S\u00edtio do Bem <br> Loja: http:\/\/www.sitiodobem.com.br\/lojas-de-marcas\/instituto-mira-serra<\/p>\n\n\n\n<p>Doa\u00e7\u00e3o: http:\/\/www.sitiodobem.com.br\/ajude-os-animais\/doe-para-o-instituto-mira-serra-e-ajude-a-salvar-a-mata-atlantica\u2013p<br> www.sitiodobem.com.br<br> www.facebook.com\/sitiodobemshop<br> www.twitter.com\/sitiodobem<br> www.instagram.com\/pinguim_gato<\/p>\n\n\n\n<p>Assessoria de imprensa<br> Gelcira Teles, jornalista, MTE\/RS 6790<br> (51) 3331.7941 \/ (51) 99204.1669<br> jorngelcirateles@yahoo.com.br <\/p>\n\n\n\n<p class=\"has-background has-very-light-gray-background-color\">Saiba mais:<br> MIRA-SERRA \u2013 Fundada em 28 de outubro de 2000, o Instituto MIRA-SERRA \u00e9 uma Organiza\u00e7\u00e3o N\u00e3o Governamental (ONG), de car\u00e1ter cient\u00edfico e cultural, que visa a preserva\u00e7\u00e3o da biodiversidade e dos ecossistemas, com \u00eanfase no Rio Grande do Sul. O projeto piloto da ONG t\u00eam seu n\u00facleo de estudos na RPPN MIRA-SERRA, na encosta do Cerro do Jo\u00e3o Ferreiro, Alto Padilha, S\u00e3o Francisco de Paula, no bioma Mata Atl\u00e2ntica. S\u00e3o a\u00e7\u00f5es da MIRA-SERRA: levantamento da fauna e flora, transloca\u00e7\u00e3o de animais silvestres; estudo s\u00f3cio-econ\u00f4mico-ambiental da comunidade local; estudo da cultura ind\u00edgena; monitoramento de mananciais h\u00eddricos; a\u00e7\u00f5es em educa\u00e7\u00e3o ambiental: atua\u00e7\u00e3o em politicas publicas ambientais via participa\u00e7\u00e3o em colegiados municipais, estaduais e federais. <\/p>\n\n\n\n<p><em><strong>Mata Atl\u00e2ntica &#8211; Apesar de estar reduzida a menos de 10% da sua cobertura original, a \u00e9 uma das regi\u00f5es mais ricas em biodiversidade do planeta. O bioma \u00e9 respons\u00e1vel pela manuten\u00e7\u00e3o da qualidade\/quantidade de \u00e1gua, controle do equil\u00edbrio clim\u00e1tico, combate \u00e0 eros\u00e3o de encostas, fertilidade do solo, gera\u00e7\u00e3o de emprego e renda, fornecimento de material gen\u00e9tico para ind\u00fastria farmac\u00eautica e aliment\u00edcia, qualidade de vida das popula\u00e7\u00f5es, entre tantos outros servi\u00e7os ambientais inestim\u00e1veis.<\/strong><\/em><\/p>\n","protected":false},"excerpt":{"rendered":"<p>LAN\u00c7AMENTO DE CAMISETAS MARCA 19 ANOS DA MIRA-SERRA E PARCERIA COM S\u00cdTIO DO BEM Bugio-ruivo e Tucano-de-bico-verde inauguram a cole\u00e7\u00e3o<\/p>\n","protected":false},"author":1,"featured_media":2236,"comment_status":"closed","ping_status":"closed","sticky":false,"template":"","format":"standard","meta":{"colormag_page_container_layout":"default_layout","colormag_page_sidebar_layout":"default_layout","_themeisle_gutenberg_block_has_review":false,"footnotes":""},"categories":[26,73],"tags":[106,165,180,162,163,183,171,164],"class_list":["post-2230","post","type-post","status-publish","format-standard","has-post-thumbnail","hentry","category-eventos","category-noticias","tag-aniversario","tag-bugio","tag-camisetas","tag-loja","tag-mata-atlantica","tag-mira-serra","tag-sitio-do-bem","tag-tucano"],"_links":{"self":[{"href":"https:\/\/miraserra.org.br\/index.php\/wp-json\/wp\/v2\/posts\/2230","targetHints":{"allow":["GET"]}}],"collection":[{"href":"https:\/\/miraserra.org.br\/index.php\/wp-json\/wp\/v2\/posts"}],"about":[{"href":"https:\/\/miraserra.org.br\/index.php\/wp-json\/wp\/v2\/types\/post"}],"author":[{"embeddable":true,"href":"https:\/\/miraserra.org.br\/index.php\/wp-json\/wp\/v2\/users\/1"}],"replies":[{"embeddable":true,"href":"https:\/\/miraserra.org.br\/index.php\/wp-json\/wp\/v2\/comments?post=2230"}],"version-history":[{"count":8,"href":"https:\/\/miraserra.org.br\/index.php\/wp-json\/wp\/v2\/posts\/2230\/revisions"}],"predecessor-version":[{"id":2249,"href":"https:\/\/miraserra.org.br\/index.php\/wp-json\/wp\/v2\/posts\/2230\/revisions\/2249"}],"wp:featuredmedia":[{"embeddable":true,"href":"https:\/\/miraserra.org.br\/index.php\/wp-json\/wp\/v2\/media\/2236"}],"wp:attachment":[{"href":"https:\/\/miraserra.org.br\/index.php\/wp-json\/wp\/v2\/media?parent=2230"}],"wp:term":[{"taxonomy":"category","embeddable":true,"href":"https:\/\/miraserra.org.br\/index.php\/wp-json\/wp\/v2\/categories?post=2230"},{"taxonomy":"post_tag","embeddable":true,"href":"https:\/\/miraserra.org.br\/index.php\/wp-json\/wp\/v2\/tags?post=2230"}],"curies":[{"name":"wp","href":"https:\/\/api.w.org\/{rel}","templated":true}]}}