{"id":2253,"date":"2019-10-28T00:28:40","date_gmt":"2019-10-28T03:28:40","guid":{"rendered":"http:\/\/miraserra.org.br\/?p=2253"},"modified":"2019-12-08T18:27:25","modified_gmt":"2019-12-08T21:27:25","slug":"plano-diretor-podera-impactar-regiao","status":"publish","type":"post","link":"https:\/\/miraserra.org.br\/index.php\/2019\/10\/28\/plano-diretor-podera-impactar-regiao\/","title":{"rendered":"Plano Diretor poder\u00e1  impactar regi\u00e3o"},"content":{"rendered":"\n<p class=\"has-drop-cap\">A C\u00e2mara de Vereadores, de S\u00e3o Francisco de Paula, realizou a primeira reuni\u00e3o da Comiss\u00e3o de acompanhamento do Plano Diretor (31\/10).  <br> Com  previs\u00e3o de apenas uma hora de dura\u00e7\u00e3o e, para surpresa geral, o presidente da comiss\u00e3o (Ver. Renato Marques)  chamou os presentes para apresentarem emendas ao projeto. Neste cen\u00e1rio, a grande maioria dos que se manifestaram, foi contr\u00e1ria  \u00e0 tamanha pressa para a an\u00e1lise.  <\/p>\n\n\n\n<p class=\"has-background has-drop-cap has-pale-cyan-blue-background-color\"><strong>A MIRA-SERRA<\/strong>, com  Lisiane Becker e Iara Ximenes, alertou sobre v\u00e1rios problemas de ordem jur\u00eddica e t\u00e9cnica, como a contradi\u00e7\u00e3o com o plano municipal de saneamento b\u00e1sico,  a inexist\u00eancia de plano municipal de conserva\u00e7\u00e3o e recupera\u00e7\u00e3o da Mata Atl\u00e2ntica (com expans\u00e3o urbana sobre floresta em est\u00e1gios m\u00e9dio \/ avan\u00e7ado da \u00e1rea  sul,  legalmente considerada como &#8220;extremamente alta import\u00e2ncia para a biodiversidade&#8221;), descaso com os planos de bacia hidrogr\u00e1fica (dentre as 5, principalmente a do Sinos e do Ca\u00ed), inobserv\u00e2ncia \u00e0 inclus\u00e3o da \u00e1rea rural, conflitos entre o zoneamento atual e o proposto, etc. <\/p>\n\n\n\n<ul class=\"wp-block-gallery columns-2 is-cropped wp-block-gallery-1 is-layout-flex wp-block-gallery-is-layout-flex\"><li class=\"blocks-gallery-item\"><figure><img loading=\"lazy\" decoding=\"async\" width=\"720\" height=\"568\" src=\"http:\/\/miraserra.org.br\/wp-content\/uploads\/2019\/11\/FB_IMG_1572870300692-2.jpg\" alt=\"\" data-id=\"2262\" data-link=\"http:\/\/miraserra.org.br\/?attachment_id=2262\" class=\"wp-image-2262\" srcset=\"https:\/\/miraserra.org.br\/wp-content\/uploads\/2019\/11\/FB_IMG_1572870300692-2.jpg 720w, https:\/\/miraserra.org.br\/wp-content\/uploads\/2019\/11\/FB_IMG_1572870300692-2-300x237.jpg 300w\" sizes=\"auto, (max-width: 720px) 100vw, 720px\" \/><\/figure><\/li><li class=\"blocks-gallery-item\"><figure><img loading=\"lazy\" decoding=\"async\" width=\"960\" height=\"519\" src=\"http:\/\/miraserra.org.br\/wp-content\/uploads\/2019\/11\/FB_IMG_1572870313042-3.jpg\" alt=\"\" data-id=\"2263\" data-link=\"http:\/\/miraserra.org.br\/?attachment_id=2263\" class=\"wp-image-2263\" srcset=\"https:\/\/miraserra.org.br\/wp-content\/uploads\/2019\/11\/FB_IMG_1572870313042-3.jpg 960w, https:\/\/miraserra.org.br\/wp-content\/uploads\/2019\/11\/FB_IMG_1572870313042-3-300x162.jpg 300w, https:\/\/miraserra.org.br\/wp-content\/uploads\/2019\/11\/FB_IMG_1572870313042-3-768x415.jpg 768w\" sizes=\"auto, (max-width: 960px) 100vw, 960px\" \/><\/figure><\/li><\/ul>\n\n\n\n<p class=\"has-drop-cap\">O vereador Albuquerque foi outro destaque contr\u00e1rio ao projeto, assim como o dr. Colla. <br> Ali\u00e1s,  ambos fora prefeitos do munic\u00edpio.<br> Citado que recurso de 10 milh\u00f5es foi obtido para asfalto urbano, enquanto n\u00e3o h\u00e1 sequer tratamento de esgoto dom\u00e9stico. Al\u00e9m disto, n\u00e3o h\u00e1 fiscaliza\u00e7\u00e3o ambiental, dado que os fiscais est\u00e3o em licen\u00e7a (at\u00e9 o ano que vem). N\u00e3o houve explana\u00e7\u00e3o do projeto pelos t\u00e9cnicos da prefeitura, para questionamentos e esclarecimentos.<\/p>\n\n\n\n<ul class=\"wp-block-gallery columns-2 is-cropped wp-block-gallery-2 is-layout-flex wp-block-gallery-is-layout-flex\"><li class=\"blocks-gallery-item\"><figure><img loading=\"lazy\" decoding=\"async\" width=\"960\" height=\"713\" src=\"http:\/\/miraserra.org.br\/wp-content\/uploads\/2019\/11\/FB_IMG_1572870320959-1.jpg\" alt=\"\" data-id=\"2264\" class=\"wp-image-2264\" srcset=\"https:\/\/miraserra.org.br\/wp-content\/uploads\/2019\/11\/FB_IMG_1572870320959-1.jpg 960w, https:\/\/miraserra.org.br\/wp-content\/uploads\/2019\/11\/FB_IMG_1572870320959-1-300x223.jpg 300w, https:\/\/miraserra.org.br\/wp-content\/uploads\/2019\/11\/FB_IMG_1572870320959-1-768x570.jpg 768w\" sizes=\"auto, (max-width: 960px) 100vw, 960px\" \/><\/figure><\/li><li class=\"blocks-gallery-item\"><figure><img loading=\"lazy\" decoding=\"async\" width=\"960\" height=\"959\" src=\"http:\/\/miraserra.org.br\/wp-content\/uploads\/2019\/11\/FB_IMG_1572870327446-1.jpg\" alt=\"\" data-id=\"2265\" data-link=\"http:\/\/miraserra.org.br\/?attachment_id=2265\" class=\"wp-image-2265\" srcset=\"https:\/\/miraserra.org.br\/wp-content\/uploads\/2019\/11\/FB_IMG_1572870327446-1.jpg 960w, https:\/\/miraserra.org.br\/wp-content\/uploads\/2019\/11\/FB_IMG_1572870327446-1-150x150.jpg 150w, https:\/\/miraserra.org.br\/wp-content\/uploads\/2019\/11\/FB_IMG_1572870327446-1-300x300.jpg 300w, https:\/\/miraserra.org.br\/wp-content\/uploads\/2019\/11\/FB_IMG_1572870327446-1-768x767.jpg 768w\" sizes=\"auto, (max-width: 960px) 100vw, 960px\" \/><\/figure><\/li><\/ul>\n\n\n\n<p>Apesar de toda a argumenta\u00e7\u00e3o, o encaminhamento dado pelo presidente da comiss\u00e3o, foi de que sejam enviadas as emendas at\u00e9 a pr\u00f3xima quinta-feira. <br> Fica a d\u00favida da real fun\u00e7\u00e3o desta Comiss\u00e3o de acompanhamento do Plano Diretor e, se haver\u00e1 outra reuni\u00e3o &#8211; pelo menos &#8211; para discutir com a equipe t\u00e9cnica do PL.<\/p>\n\n\n\n<p class=\"has-background has-pale-cyan-blue-background-color\"><strong>Veja mais:<\/strong><br><strong><em>https:\/\/www.facebook.com\/401044756576352\/posts\/2993542290659906\/<\/em><\/strong><\/p>\n","protected":false},"excerpt":{"rendered":"<p>A C\u00e2mara de Vereadores, de S\u00e3o Francisco de Paula, realizou a primeira reuni\u00e3o da Comiss\u00e3o de acompanhamento do Plano Diretor<\/p>\n","protected":false},"author":1,"featured_media":2257,"comment_status":"closed","ping_status":"closed","sticky":false,"template":"","format":"standard","meta":{"colormag_page_container_layout":"default_layout","colormag_page_sidebar_layout":"default_layout","_themeisle_gutenberg_block_has_review":false,"footnotes":""},"categories":[37,73,60,195],"tags":[158,163,109],"class_list":["post-2253","post","type-post","status-publish","format-standard","has-post-thumbnail","hentry","category-mata-atlantica","category-noticias","category-principais","category-sao-francisco-de-paula","tag-camara-de-vereadores","tag-mata-atlantica","tag-plano-diretor"],"_links":{"self":[{"href":"https:\/\/miraserra.org.br\/index.php\/wp-json\/wp\/v2\/posts\/2253","targetHints":{"allow":["GET"]}}],"collection":[{"href":"https:\/\/miraserra.org.br\/index.php\/wp-json\/wp\/v2\/posts"}],"about":[{"href":"https:\/\/miraserra.org.br\/index.php\/wp-json\/wp\/v2\/types\/post"}],"author":[{"embeddable":true,"href":"https:\/\/miraserra.org.br\/index.php\/wp-json\/wp\/v2\/users\/1"}],"replies":[{"embeddable":true,"href":"https:\/\/miraserra.org.br\/index.php\/wp-json\/wp\/v2\/comments?post=2253"}],"version-history":[{"count":1,"href":"https:\/\/miraserra.org.br\/index.php\/wp-json\/wp\/v2\/posts\/2253\/revisions"}],"predecessor-version":[{"id":2266,"href":"https:\/\/miraserra.org.br\/index.php\/wp-json\/wp\/v2\/posts\/2253\/revisions\/2266"}],"wp:featuredmedia":[{"embeddable":true,"href":"https:\/\/miraserra.org.br\/index.php\/wp-json\/wp\/v2\/media\/2257"}],"wp:attachment":[{"href":"https:\/\/miraserra.org.br\/index.php\/wp-json\/wp\/v2\/media?parent=2253"}],"wp:term":[{"taxonomy":"category","embeddable":true,"href":"https:\/\/miraserra.org.br\/index.php\/wp-json\/wp\/v2\/categories?post=2253"},{"taxonomy":"post_tag","embeddable":true,"href":"https:\/\/miraserra.org.br\/index.php\/wp-json\/wp\/v2\/tags?post=2253"}],"curies":[{"name":"wp","href":"https:\/\/api.w.org\/{rel}","templated":true}]}}