{"id":2284,"date":"2019-11-11T18:50:23","date_gmt":"2019-11-11T21:50:23","guid":{"rendered":"http:\/\/miraserra.org.br\/?p=2284"},"modified":"2019-12-08T17:37:48","modified_gmt":"2019-12-08T20:37:48","slug":"122a-reuniao-do-comite-do-lago-guaiba","status":"publish","type":"post","link":"https:\/\/miraserra.org.br\/index.php\/2019\/11\/11\/122a-reuniao-do-comite-do-lago-guaiba\/","title":{"rendered":"122\u00aa Reuni\u00e3o do Comit\u00ea do Lago Gua\u00edba"},"content":{"rendered":"\n<p style=\"text-align:center\" class=\"has-drop-cap\">O Instituto MIRA-SERRA participou da 122\u00aa Reuni\u00e3o Ordin\u00e1ria do Comit\u00ea do Lago Gua\u00edba, que pautou:<br>&#8211; Delibera\u00e7\u00e3o sobre o Calend\u00e1rio 2020 de Reuni\u00f5es Ordin\u00e1rias da CPA e da Plen\u00e1ria;<br>&#8211; Forma\u00e7\u00e3o de Grupo de Trabalho (GT): Elabora\u00e7\u00e3o de proposta para a \u201cModerniza\u00e7\u00e3o\u201d da Lei n\u00ba 10.350\/1994;<br>&#8211; CAPACITA\u00c7\u00c3O: Apresenta\u00e7\u00e3o e premia\u00e7\u00e3o dos trabalhos vencedores da IX Mostra de Trabalhos T\u00e9cnicos, Cient\u00edficos e Comunit\u00e1rios da Regi\u00e3o Hidrogr\u00e1fica do Gua\u00edba;<br>&#8211; CAPACITA\u00c7\u00c3O: Apresenta\u00e7\u00e3o da disserta\u00e7\u00e3o finalizada de mestrado, &#8220;Aplica\u00e7\u00e3o de ferramentas de gest\u00e3o de recursos h\u00eddricos para a planifica\u00e7\u00e3o de um sistema de tratamento descentralizado de esgoto sanit\u00e1rio com <em>wetland<\/em> constru\u00eddo em microbacia hidrogr\u00e1fica urbana&#8221;, pelo Eng\u00ba Lessandro Trindade;<br>&#8211; CAPACITA\u00c7\u00c3O: Apresenta\u00e7\u00e3o de Contraponto \u00e0 Parceria P\u00fablico Privada (PPP) da Regi\u00e3o Metropolitana, pelo SINDI\u00c1GUA.<br><\/p>\n\n\n\n<figure class=\"wp-block-image\"><img loading=\"lazy\" decoding=\"async\" width=\"1024\" height=\"498\" src=\"http:\/\/miraserra.org.br\/wp-content\/uploads\/2019\/12\/lago-guaiba-1024x498.jpg\" alt=\"\" class=\"wp-image-2285\" srcset=\"https:\/\/miraserra.org.br\/wp-content\/uploads\/2019\/12\/lago-guaiba-1024x498.jpg 1024w, https:\/\/miraserra.org.br\/wp-content\/uploads\/2019\/12\/lago-guaiba-300x146.jpg 300w, https:\/\/miraserra.org.br\/wp-content\/uploads\/2019\/12\/lago-guaiba-768x373.jpg 768w, https:\/\/miraserra.org.br\/wp-content\/uploads\/2019\/12\/lago-guaiba.jpg 2016w\" sizes=\"auto, (max-width: 1024px) 100vw, 1024px\" \/><\/figure>\n","protected":false},"excerpt":{"rendered":"<p>O Instituto MIRA-SERRA participou da 122\u00aa Reuni\u00e3o Ordin\u00e1ria do Comit\u00ea do Lago Gua\u00edba, que pautou:&#8211; Delibera\u00e7\u00e3o sobre o Calend\u00e1rio 2020<\/p>\n","protected":false},"author":1,"featured_media":2285,"comment_status":"closed","ping_status":"closed","sticky":false,"template":"","format":"standard","meta":{"colormag_page_container_layout":"default_layout","colormag_page_sidebar_layout":"default_layout","_themeisle_gutenberg_block_has_review":false,"footnotes":""},"categories":[55,59],"tags":[185,184],"class_list":["post-2284","post","type-post","status-publish","format-standard","has-post-thumbnail","hentry","category-colegiados","category-comites-de-bacia-hidrografica","tag-comite","tag-lago-guaiba"],"_links":{"self":[{"href":"https:\/\/miraserra.org.br\/index.php\/wp-json\/wp\/v2\/posts\/2284","targetHints":{"allow":["GET"]}}],"collection":[{"href":"https:\/\/miraserra.org.br\/index.php\/wp-json\/wp\/v2\/posts"}],"about":[{"href":"https:\/\/miraserra.org.br\/index.php\/wp-json\/wp\/v2\/types\/post"}],"author":[{"embeddable":true,"href":"https:\/\/miraserra.org.br\/index.php\/wp-json\/wp\/v2\/users\/1"}],"replies":[{"embeddable":true,"href":"https:\/\/miraserra.org.br\/index.php\/wp-json\/wp\/v2\/comments?post=2284"}],"version-history":[{"count":1,"href":"https:\/\/miraserra.org.br\/index.php\/wp-json\/wp\/v2\/posts\/2284\/revisions"}],"predecessor-version":[{"id":2286,"href":"https:\/\/miraserra.org.br\/index.php\/wp-json\/wp\/v2\/posts\/2284\/revisions\/2286"}],"wp:featuredmedia":[{"embeddable":true,"href":"https:\/\/miraserra.org.br\/index.php\/wp-json\/wp\/v2\/media\/2285"}],"wp:attachment":[{"href":"https:\/\/miraserra.org.br\/index.php\/wp-json\/wp\/v2\/media?parent=2284"}],"wp:term":[{"taxonomy":"category","embeddable":true,"href":"https:\/\/miraserra.org.br\/index.php\/wp-json\/wp\/v2\/categories?post=2284"},{"taxonomy":"post_tag","embeddable":true,"href":"https:\/\/miraserra.org.br\/index.php\/wp-json\/wp\/v2\/tags?post=2284"}],"curies":[{"name":"wp","href":"https:\/\/api.w.org\/{rel}","templated":true}]}}