{"id":2287,"date":"2019-11-19T21:24:01","date_gmt":"2019-11-20T00:24:01","guid":{"rendered":"http:\/\/miraserra.org.br\/?p=2287"},"modified":"2019-12-08T17:24:36","modified_gmt":"2019-12-08T20:24:36","slug":"politica-de-biodiversidade-rs","status":"publish","type":"post","link":"https:\/\/miraserra.org.br\/index.php\/2019\/11\/19\/politica-de-biodiversidade-rs\/","title":{"rendered":"Pol\u00edtica de Biodiversidade &#8211; RS"},"content":{"rendered":"\n<p style=\"text-align:center\">Reuni\u00e3o da C\u00e2mara T\u00e9cnica Permanente de Planejamento Ambiental\/ CONSEMA-RS, teve como ponto principal a Pol\u00edtica de Biodiversidade do Rio Grande do Sul.<\/p>\n\n\n\n<figure class=\"wp-block-image\"><img loading=\"lazy\" decoding=\"async\" width=\"1024\" height=\"498\" src=\"http:\/\/miraserra.org.br\/wp-content\/uploads\/2019\/12\/CT-plamb-1-1024x498.jpg\" alt=\"\" class=\"wp-image-2288\" srcset=\"https:\/\/miraserra.org.br\/wp-content\/uploads\/2019\/12\/CT-plamb-1-1024x498.jpg 1024w, https:\/\/miraserra.org.br\/wp-content\/uploads\/2019\/12\/CT-plamb-1-300x146.jpg 300w, https:\/\/miraserra.org.br\/wp-content\/uploads\/2019\/12\/CT-plamb-1-768x373.jpg 768w, https:\/\/miraserra.org.br\/wp-content\/uploads\/2019\/12\/CT-plamb-1.jpg 1316w\" sizes=\"auto, (max-width: 1024px) 100vw, 1024px\" \/><\/figure>\n\n\n\n<p class=\"has-background has-drop-cap has-pale-cyan-blue-background-color\">A apresenta\u00e7\u00e3o do diretor de DBio\/SEMA-RS, Diego Pereira, trouxe um alento a quem est\u00e1 surtando com o rumo das pol\u00edticas p\u00fablicas ambientais.<\/p>\n\n\n\n<figure class=\"wp-block-image\"><img loading=\"lazy\" decoding=\"async\" width=\"1024\" height=\"498\" src=\"http:\/\/miraserra.org.br\/wp-content\/uploads\/2019\/12\/ct-plamb-3-1024x498.jpg\" alt=\"\" class=\"wp-image-2290\" srcset=\"https:\/\/miraserra.org.br\/wp-content\/uploads\/2019\/12\/ct-plamb-3-1024x498.jpg 1024w, https:\/\/miraserra.org.br\/wp-content\/uploads\/2019\/12\/ct-plamb-3-300x146.jpg 300w, https:\/\/miraserra.org.br\/wp-content\/uploads\/2019\/12\/ct-plamb-3-768x373.jpg 768w, https:\/\/miraserra.org.br\/wp-content\/uploads\/2019\/12\/ct-plamb-3.jpg 1316w\" sizes=\"auto, (max-width: 1024px) 100vw, 1024px\" \/><\/figure>\n\n\n\n<p>Mostrou uma base coesa, t\u00e9cnica, focada e, em harmonia, com a continuidade de projetos desenvolvidos com sucesso, integrando todos os estudos\/pesquisas &#8211; al\u00e9m das fronteiras. <\/p>\n\n\n\n<figure class=\"wp-block-image\"><img loading=\"lazy\" decoding=\"async\" width=\"1024\" height=\"498\" src=\"http:\/\/miraserra.org.br\/wp-content\/uploads\/2019\/12\/ct-plamb-2-1024x498.jpg\" alt=\"\" class=\"wp-image-2289\" srcset=\"https:\/\/miraserra.org.br\/wp-content\/uploads\/2019\/12\/ct-plamb-2-1024x498.jpg 1024w, https:\/\/miraserra.org.br\/wp-content\/uploads\/2019\/12\/ct-plamb-2-300x146.jpg 300w, https:\/\/miraserra.org.br\/wp-content\/uploads\/2019\/12\/ct-plamb-2-768x373.jpg 768w, https:\/\/miraserra.org.br\/wp-content\/uploads\/2019\/12\/ct-plamb-2.jpg 1316w\" sizes=\"auto, (max-width: 1024px) 100vw, 1024px\" \/><\/figure>\n\n\n\n<p>Investe no\u00a0incentivo \u00e0s RPPNs, nos corredores de biodiversidade, no combate \u00e0s esp\u00e9cies invasoras, na retirada de esp\u00e9cies da lista de amea\u00e7adas, na Reserva da Biosfera do Pampa, remete a adequa\u00e7\u00f5es na Resolu\u00e7\u00e3o CONSEMA, entre tantas outras linhas agregadas em 6 programas, planejadas sobre matriz cuidadosamente trabalhada pelos t\u00e9cnicos. Metas de Aichi.<\/p>\n\n\n\n<div class=\"wp-block-image\"><figure class=\"aligncenter\"><img loading=\"lazy\" decoding=\"async\" width=\"1316\" height=\"640\" src=\"http:\/\/miraserra.org.br\/wp-content\/uploads\/2019\/12\/ct-plamb-4.jpg\" alt=\"\" class=\"wp-image-2291\" srcset=\"https:\/\/miraserra.org.br\/wp-content\/uploads\/2019\/12\/ct-plamb-4.jpg 1316w, https:\/\/miraserra.org.br\/wp-content\/uploads\/2019\/12\/ct-plamb-4-300x146.jpg 300w, https:\/\/miraserra.org.br\/wp-content\/uploads\/2019\/12\/ct-plamb-4-768x373.jpg 768w, https:\/\/miraserra.org.br\/wp-content\/uploads\/2019\/12\/ct-plamb-4-1024x498.jpg 1024w\" sizes=\"auto, (max-width: 1316px) 100vw, 1316px\" \/><\/figure><\/div>\n\n\n\n<figure class=\"wp-block-image\"><img loading=\"lazy\" decoding=\"async\" width=\"1316\" height=\"640\" src=\"http:\/\/miraserra.org.br\/wp-content\/uploads\/2019\/12\/ct-plamb-5.jpg\" alt=\"\" class=\"wp-image-2292\" srcset=\"https:\/\/miraserra.org.br\/wp-content\/uploads\/2019\/12\/ct-plamb-5.jpg 1316w, https:\/\/miraserra.org.br\/wp-content\/uploads\/2019\/12\/ct-plamb-5-300x146.jpg 300w, https:\/\/miraserra.org.br\/wp-content\/uploads\/2019\/12\/ct-plamb-5-768x373.jpg 768w, https:\/\/miraserra.org.br\/wp-content\/uploads\/2019\/12\/ct-plamb-5-1024x498.jpg 1024w\" sizes=\"auto, (max-width: 1316px) 100vw, 1316px\" \/><\/figure>\n\n\n\n<p class=\"has-background has-pale-cyan-blue-background-color\"><br>Agora \u00e9 conhecer com maior detalhamento e compatibilizar com as lacunas municipais, onde o CONSEMA dever\u00e1 se posicionar.<\/p>\n","protected":false},"excerpt":{"rendered":"<p>Reuni\u00e3o da C\u00e2mara T\u00e9cnica Permanente de Planejamento Ambiental\/ CONSEMA-RS, teve como ponto principal a Pol\u00edtica de Biodiversidade do Rio Grande<\/p>\n","protected":false},"author":1,"featured_media":2290,"comment_status":"closed","ping_status":"closed","sticky":false,"template":"","format":"standard","meta":{"colormag_page_container_layout":"default_layout","colormag_page_sidebar_layout":"default_layout","_themeisle_gutenberg_block_has_review":false,"footnotes":""},"categories":[55,58,96],"tags":[151,189,187,139,188],"class_list":["post-2287","post","type-post","status-publish","format-standard","has-post-thumbnail","hentry","category-colegiados","category-consema-rs","category-ctp-planejamento-ambiental","tag-biodiversidade","tag-metas-de-aichi","tag-planejamento-ambental","tag-politicas-publicas","tag-rppn"],"_links":{"self":[{"href":"https:\/\/miraserra.org.br\/index.php\/wp-json\/wp\/v2\/posts\/2287","targetHints":{"allow":["GET"]}}],"collection":[{"href":"https:\/\/miraserra.org.br\/index.php\/wp-json\/wp\/v2\/posts"}],"about":[{"href":"https:\/\/miraserra.org.br\/index.php\/wp-json\/wp\/v2\/types\/post"}],"author":[{"embeddable":true,"href":"https:\/\/miraserra.org.br\/index.php\/wp-json\/wp\/v2\/users\/1"}],"replies":[{"embeddable":true,"href":"https:\/\/miraserra.org.br\/index.php\/wp-json\/wp\/v2\/comments?post=2287"}],"version-history":[{"count":1,"href":"https:\/\/miraserra.org.br\/index.php\/wp-json\/wp\/v2\/posts\/2287\/revisions"}],"predecessor-version":[{"id":2293,"href":"https:\/\/miraserra.org.br\/index.php\/wp-json\/wp\/v2\/posts\/2287\/revisions\/2293"}],"wp:featuredmedia":[{"embeddable":true,"href":"https:\/\/miraserra.org.br\/index.php\/wp-json\/wp\/v2\/media\/2290"}],"wp:attachment":[{"href":"https:\/\/miraserra.org.br\/index.php\/wp-json\/wp\/v2\/media?parent=2287"}],"wp:term":[{"taxonomy":"category","embeddable":true,"href":"https:\/\/miraserra.org.br\/index.php\/wp-json\/wp\/v2\/categories?post=2287"},{"taxonomy":"post_tag","embeddable":true,"href":"https:\/\/miraserra.org.br\/index.php\/wp-json\/wp\/v2\/tags?post=2287"}],"curies":[{"name":"wp","href":"https:\/\/api.w.org\/{rel}","templated":true}]}}