{"id":2294,"date":"2019-11-30T20:36:42","date_gmt":"2019-11-30T23:36:42","guid":{"rendered":"http:\/\/miraserra.org.br\/?p=2294"},"modified":"2019-12-08T17:37:29","modified_gmt":"2019-12-08T20:37:29","slug":"salve-a-data-10-12","status":"publish","type":"post","link":"https:\/\/miraserra.org.br\/index.php\/2019\/11\/30\/salve-a-data-10-12\/","title":{"rendered":"SALVE A DATA: 10\/12"},"content":{"rendered":"\n<p style=\"text-align:center\" class=\"has-background has-light-green-cyan-background-color\"><strong> A MIRA-SERRA integra a frente t\u00e9cnica do Comit\u00ea de Combate \u00e0 Megaminera\u00e7\u00e3o (CCM), que estar\u00e1 lan\u00e7ando o documento <br>&#8220;Painel de Especialistas &#8211; An\u00e1lise Cr\u00edtica do Estudo de Impacto Ambiental da Mina Guaiba&#8221;. <\/strong><\/p>\n\n\n\n<div class=\"wp-block-image\"><figure class=\"aligncenter is-resized\"><img loading=\"lazy\" decoding=\"async\" src=\"http:\/\/miraserra.org.br\/wp-content\/uploads\/2019\/12\/convite-painel-CCM.jpg\" alt=\"\" class=\"wp-image-2295\" width=\"325\" height=\"459\" srcset=\"https:\/\/miraserra.org.br\/wp-content\/uploads\/2019\/12\/convite-painel-CCM.jpg 678w, https:\/\/miraserra.org.br\/wp-content\/uploads\/2019\/12\/convite-painel-CCM-212x300.jpg 212w\" sizes=\"auto, (max-width: 325px) 100vw, 325px\" \/><\/figure><\/div>\n\n\n\n<p style=\"text-align:center\" class=\"has-background has-light-green-cyan-background-color\"><strong>Entre as a\u00e7\u00f5es, uma comitiva do CCM se reuniu com o procurador geral da justi\u00e7a, tendo sido garantida a representa\u00e7\u00e3o do MP no evento de lan\u00e7amento do Painel de Especialistas. <\/strong><\/p>\n\n\n\n<figure class=\"wp-block-image\"><img loading=\"lazy\" decoding=\"async\" width=\"960\" height=\"569\" src=\"http:\/\/miraserra.org.br\/wp-content\/uploads\/2019\/12\/CCM-e-MP-1.jpg\" alt=\"\" class=\"wp-image-2298\" srcset=\"https:\/\/miraserra.org.br\/wp-content\/uploads\/2019\/12\/CCM-e-MP-1.jpg 960w, https:\/\/miraserra.org.br\/wp-content\/uploads\/2019\/12\/CCM-e-MP-1-300x178.jpg 300w, https:\/\/miraserra.org.br\/wp-content\/uploads\/2019\/12\/CCM-e-MP-1-768x455.jpg 768w\" sizes=\"auto, (max-width: 960px) 100vw, 960px\" \/><\/figure>\n\n\n\n<figure class=\"wp-block-image\"><img loading=\"lazy\" decoding=\"async\" width=\"960\" height=\"605\" src=\"http:\/\/miraserra.org.br\/wp-content\/uploads\/2019\/12\/convite-CCM-descri\u00e7\u00e3o-1.jpg\" alt=\"\" class=\"wp-image-2299\" srcset=\"https:\/\/miraserra.org.br\/wp-content\/uploads\/2019\/12\/convite-CCM-descri\u00e7\u00e3o-1.jpg 960w, https:\/\/miraserra.org.br\/wp-content\/uploads\/2019\/12\/convite-CCM-descri\u00e7\u00e3o-1-300x189.jpg 300w, https:\/\/miraserra.org.br\/wp-content\/uploads\/2019\/12\/convite-CCM-descri\u00e7\u00e3o-1-768x484.jpg 768w\" sizes=\"auto, (max-width: 960px) 100vw, 960px\" \/><\/figure>\n","protected":false},"excerpt":{"rendered":"<p>A MIRA-SERRA integra a frente t\u00e9cnica do Comit\u00ea de Combate \u00e0 Megaminera\u00e7\u00e3o (CCM), que estar\u00e1 lan\u00e7ando o documento &#8220;Painel de<\/p>\n","protected":false},"author":1,"featured_media":0,"comment_status":"closed","ping_status":"closed","sticky":false,"template":"","format":"standard","meta":{"colormag_page_container_layout":"default_layout","colormag_page_sidebar_layout":"default_layout","_themeisle_gutenberg_block_has_review":false,"footnotes":""},"categories":[77,27],"tags":[],"class_list":["post-2294","post","type-post","status-publish","format-standard","hentry","category-agenda","category-megamineracao"],"_links":{"self":[{"href":"https:\/\/miraserra.org.br\/index.php\/wp-json\/wp\/v2\/posts\/2294","targetHints":{"allow":["GET"]}}],"collection":[{"href":"https:\/\/miraserra.org.br\/index.php\/wp-json\/wp\/v2\/posts"}],"about":[{"href":"https:\/\/miraserra.org.br\/index.php\/wp-json\/wp\/v2\/types\/post"}],"author":[{"embeddable":true,"href":"https:\/\/miraserra.org.br\/index.php\/wp-json\/wp\/v2\/users\/1"}],"replies":[{"embeddable":true,"href":"https:\/\/miraserra.org.br\/index.php\/wp-json\/wp\/v2\/comments?post=2294"}],"version-history":[{"count":1,"href":"https:\/\/miraserra.org.br\/index.php\/wp-json\/wp\/v2\/posts\/2294\/revisions"}],"predecessor-version":[{"id":2300,"href":"https:\/\/miraserra.org.br\/index.php\/wp-json\/wp\/v2\/posts\/2294\/revisions\/2300"}],"wp:attachment":[{"href":"https:\/\/miraserra.org.br\/index.php\/wp-json\/wp\/v2\/media?parent=2294"}],"wp:term":[{"taxonomy":"category","embeddable":true,"href":"https:\/\/miraserra.org.br\/index.php\/wp-json\/wp\/v2\/categories?post=2294"},{"taxonomy":"post_tag","embeddable":true,"href":"https:\/\/miraserra.org.br\/index.php\/wp-json\/wp\/v2\/tags?post=2294"}],"curies":[{"name":"wp","href":"https:\/\/api.w.org\/{rel}","templated":true}]}}