{"id":2301,"date":"2019-12-03T20:50:07","date_gmt":"2019-12-03T23:50:07","guid":{"rendered":"http:\/\/miraserra.org.br\/?p=2301"},"modified":"2019-12-08T18:22:15","modified_gmt":"2019-12-08T21:22:15","slug":"__trashed","status":"publish","type":"post","link":"https:\/\/miraserra.org.br\/index.php\/2019\/12\/03\/__trashed\/","title":{"rendered":"MIRA-SERRA retorna ao Comit\u00ea Ca\u00ed"},"content":{"rendered":"\n<p class=\"has-background has-drop-cap has-pale-cyan-blue-background-color\"> No dia 4\/11\/2019, em Montenegro, foi realizada a renova\u00e7\u00e3o para as vagas  no Comit\u00ea de Gerenciamento da Bacia Hidrogr\u00e1fica do Rio Ca\u00ed. <\/p>\n\n\n\n<p style=\"text-align:center\">As ONGs  MIRA-SERRA, UPAN e MARH ocupar\u00e3o as 3 vagas titulares das entidades ambientalistas. <\/p>\n\n\n\n<p>A MIRA-SERRA retorna ao Comit\u00ea Ca\u00ed ap\u00f3s 9 anos, sendo uma das suas \u00faltimas contribui\u00e7\u00f5es naquele per\u00edodo, a visita t\u00e9cnica para excluir do Plano de Bacia, novos barramentos na \u00e1rea \u00e0 montante. <\/p>\n\n\n\n<p>Participou ativamente na sistematiza\u00e7\u00e3o de dados nos munic\u00edpios integrantes do Comit\u00ea, coletados no &#8220;Roteiro minimo&#8221;, que subsidiou os trabalhos de elabora\u00e7\u00e3o do Plano da Bacia Hidrogr\u00e1fica.<\/p>\n\n\n\n<ul class=\"wp-block-gallery aligncenter columns-1 is-cropped wp-block-gallery-1 is-layout-flex wp-block-gallery-is-layout-flex\"><li class=\"blocks-gallery-item\"><figure><img loading=\"lazy\" decoding=\"async\" width=\"960\" height=\"703\" src=\"http:\/\/miraserra.org.br\/wp-content\/uploads\/2019\/12\/ca\u00ed.jpg\" alt=\"\" data-id=\"2302\" data-link=\"http:\/\/miraserra.org.br\/?attachment_id=2302\" class=\"wp-image-2302\" srcset=\"https:\/\/miraserra.org.br\/wp-content\/uploads\/2019\/12\/ca\u00ed.jpg 960w, https:\/\/miraserra.org.br\/wp-content\/uploads\/2019\/12\/ca\u00ed-300x220.jpg 300w, https:\/\/miraserra.org.br\/wp-content\/uploads\/2019\/12\/ca\u00ed-768x562.jpg 768w\" sizes=\"auto, (max-width: 960px) 100vw, 960px\" \/><figcaption>Regi\u00e3o \u00e0 montante do Rio Ca\u00ed, entre os munic\u00edpios de Gramado e Caxias do Sul<\/figcaption><\/figure><\/li><\/ul>\n\n\n\n<p>Em Porto Alegre &#8211; Semin\u00e1rio Regional Esp\u00e9cies Ex\u00f3ticas Invasoras. A entidade tem realizado contribui\u00e7\u00f5es nas politicas p\u00fablicas ambientais e em atividades pontuais. <\/p>\n","protected":false},"excerpt":{"rendered":"<p>No dia 4\/11\/2019, em Montenegro, foi realizada a renova\u00e7\u00e3o para as vagas no Comit\u00ea de Gerenciamento da Bacia Hidrogr\u00e1fica do<\/p>\n","protected":false},"author":1,"featured_media":2302,"comment_status":"closed","ping_status":"closed","sticky":false,"template":"","format":"standard","meta":{"colormag_page_container_layout":"default_layout","colormag_page_sidebar_layout":"default_layout","_themeisle_gutenberg_block_has_review":false,"footnotes":""},"categories":[55,59,73],"tags":[192],"class_list":["post-2301","post","type-post","status-publish","format-standard","has-post-thumbnail","hentry","category-colegiados","category-comites-de-bacia-hidrografica","category-noticias","tag-rio-cai"],"_links":{"self":[{"href":"https:\/\/miraserra.org.br\/index.php\/wp-json\/wp\/v2\/posts\/2301","targetHints":{"allow":["GET"]}}],"collection":[{"href":"https:\/\/miraserra.org.br\/index.php\/wp-json\/wp\/v2\/posts"}],"about":[{"href":"https:\/\/miraserra.org.br\/index.php\/wp-json\/wp\/v2\/types\/post"}],"author":[{"embeddable":true,"href":"https:\/\/miraserra.org.br\/index.php\/wp-json\/wp\/v2\/users\/1"}],"replies":[{"embeddable":true,"href":"https:\/\/miraserra.org.br\/index.php\/wp-json\/wp\/v2\/comments?post=2301"}],"version-history":[{"count":5,"href":"https:\/\/miraserra.org.br\/index.php\/wp-json\/wp\/v2\/posts\/2301\/revisions"}],"predecessor-version":[{"id":2308,"href":"https:\/\/miraserra.org.br\/index.php\/wp-json\/wp\/v2\/posts\/2301\/revisions\/2308"}],"wp:featuredmedia":[{"embeddable":true,"href":"https:\/\/miraserra.org.br\/index.php\/wp-json\/wp\/v2\/media\/2302"}],"wp:attachment":[{"href":"https:\/\/miraserra.org.br\/index.php\/wp-json\/wp\/v2\/media?parent=2301"}],"wp:term":[{"taxonomy":"category","embeddable":true,"href":"https:\/\/miraserra.org.br\/index.php\/wp-json\/wp\/v2\/categories?post=2301"},{"taxonomy":"post_tag","embeddable":true,"href":"https:\/\/miraserra.org.br\/index.php\/wp-json\/wp\/v2\/tags?post=2301"}],"curies":[{"name":"wp","href":"https:\/\/api.w.org\/{rel}","templated":true}]}}