{"id":2309,"date":"2019-12-03T21:19:32","date_gmt":"2019-12-04T00:19:32","guid":{"rendered":"http:\/\/miraserra.org.br\/?p=2309"},"modified":"2019-12-08T18:20:31","modified_gmt":"2019-12-08T21:20:31","slug":"2309","status":"publish","type":"post","link":"https:\/\/miraserra.org.br\/index.php\/2019\/12\/03\/2309\/","title":{"rendered":"ESP\u00c9CIES EX\u00d3TICAS INVASORAS"},"content":{"rendered":"\n<p class=\"has-background has-vivid-green-cyan-background-color\"><strong>Muito oportuna a realiza\u00e7\u00e3o do Semin\u00e1rio Regional Esp\u00e9cies Ex\u00f3ticas Invasoras, no Dante Barone\/Assembl\u00e9ia Legislativa-RS<\/strong> (3\/12\/2019)<\/p>\n\n\n\n<figure class=\"wp-block-image\"><img loading=\"lazy\" decoding=\"async\" width=\"1024\" height=\"498\" src=\"http:\/\/miraserra.org.br\/wp-content\/uploads\/2019\/12\/esp-inv-1-1024x498.jpg\" alt=\"\" class=\"wp-image-2310\" srcset=\"https:\/\/miraserra.org.br\/wp-content\/uploads\/2019\/12\/esp-inv-1-1024x498.jpg 1024w, https:\/\/miraserra.org.br\/wp-content\/uploads\/2019\/12\/esp-inv-1-300x146.jpg 300w, https:\/\/miraserra.org.br\/wp-content\/uploads\/2019\/12\/esp-inv-1-768x373.jpg 768w, https:\/\/miraserra.org.br\/wp-content\/uploads\/2019\/12\/esp-inv-1.jpg 1316w\" sizes=\"auto, (max-width: 1024px) 100vw, 1024px\" \/><\/figure>\n\n\n\n<h4 class=\"wp-block-heading\">&#8220;A\u00e7\u00e3o coordenada pelo Programa Estadual de Esp\u00e9cies Ex\u00f3ticas Invasoras da Secretaria do Meio Ambiente e Infraestrutura do Rio Grande do Sul\u00a0 com a coorganiza\u00e7\u00e3o do Instituto de Meio Ambiente de Santa Catarina- IMA e o Instituto Ambiental do Paran\u00e1 &#8211; IAP.<br><strong>A\u00a0\u00a0iniciativa tem como objetivo a troca de experi\u00eancias na detec\u00e7\u00e3o,controle e monitoramento\u00a0\u00a0de esp\u00e9cies ex\u00f3ticas invasoras entre os estados da regi\u00e3o sul do pa\u00eds.<\/strong>&#8220;<br><a href=\"https:\/\/www.sema.rs.gov.br\/s\">https:\/\/www.sema.rs.gov.br\/s<\/a> <\/h4>\n\n\n\n<figure class=\"wp-block-image\"><img loading=\"lazy\" decoding=\"async\" width=\"800\" height=\"449\" src=\"http:\/\/miraserra.org.br\/wp-content\/uploads\/2019\/12\/esp-inv-banner.jpg\" alt=\"\" class=\"wp-image-2311\" srcset=\"https:\/\/miraserra.org.br\/wp-content\/uploads\/2019\/12\/esp-inv-banner.jpg 800w, https:\/\/miraserra.org.br\/wp-content\/uploads\/2019\/12\/esp-inv-banner-300x168.jpg 300w, https:\/\/miraserra.org.br\/wp-content\/uploads\/2019\/12\/esp-inv-banner-768x431.jpg 768w\" sizes=\"auto, (max-width: 800px) 100vw, 800px\" \/><\/figure>\n\n\n\n<p class=\"has-drop-cap\"><strong>A MIRA-SERRA tem realizado contribui\u00e7\u00f5es nas politicas p\u00fablicas ambientais e em atividades pontuais neste tema.<\/strong> Participou, anos atr\u00e1s, de grupo estadual com o mesmo objetivo.<\/p>\n\n\n\n<figure class=\"wp-block-image\"><img loading=\"lazy\" decoding=\"async\" width=\"1024\" height=\"498\" src=\"http:\/\/miraserra.org.br\/wp-content\/uploads\/2019\/12\/esp-inv-2-1024x498.jpg\" alt=\"\" class=\"wp-image-2312\" srcset=\"https:\/\/miraserra.org.br\/wp-content\/uploads\/2019\/12\/esp-inv-2-1024x498.jpg 1024w, https:\/\/miraserra.org.br\/wp-content\/uploads\/2019\/12\/esp-inv-2-300x146.jpg 300w, https:\/\/miraserra.org.br\/wp-content\/uploads\/2019\/12\/esp-inv-2-768x373.jpg 768w, https:\/\/miraserra.org.br\/wp-content\/uploads\/2019\/12\/esp-inv-2.jpg 1316w\" sizes=\"auto, (max-width: 1024px) 100vw, 1024px\" \/><\/figure>\n\n\n\n<figure class=\"wp-block-image\"><img loading=\"lazy\" decoding=\"async\" width=\"1024\" height=\"498\" src=\"http:\/\/miraserra.org.br\/wp-content\/uploads\/2019\/12\/esp-inv-3-1024x498.jpg\" alt=\"\" class=\"wp-image-2313\" srcset=\"https:\/\/miraserra.org.br\/wp-content\/uploads\/2019\/12\/esp-inv-3-1024x498.jpg 1024w, https:\/\/miraserra.org.br\/wp-content\/uploads\/2019\/12\/esp-inv-3-300x146.jpg 300w, https:\/\/miraserra.org.br\/wp-content\/uploads\/2019\/12\/esp-inv-3-768x373.jpg 768w, https:\/\/miraserra.org.br\/wp-content\/uploads\/2019\/12\/esp-inv-3.jpg 1316w\" sizes=\"auto, (max-width: 1024px) 100vw, 1024px\" \/><\/figure>\n\n\n\n<figure class=\"wp-block-image\"><img loading=\"lazy\" decoding=\"async\" width=\"1024\" height=\"498\" src=\"http:\/\/miraserra.org.br\/wp-content\/uploads\/2019\/12\/esp-inv-4-1024x498.jpg\" alt=\"\" class=\"wp-image-2314\" srcset=\"https:\/\/miraserra.org.br\/wp-content\/uploads\/2019\/12\/esp-inv-4-1024x498.jpg 1024w, https:\/\/miraserra.org.br\/wp-content\/uploads\/2019\/12\/esp-inv-4-300x146.jpg 300w, https:\/\/miraserra.org.br\/wp-content\/uploads\/2019\/12\/esp-inv-4-768x373.jpg 768w, https:\/\/miraserra.org.br\/wp-content\/uploads\/2019\/12\/esp-inv-4.jpg 1316w\" sizes=\"auto, (max-width: 1024px) 100vw, 1024px\" \/><\/figure>\n\n\n\n<figure class=\"wp-block-image\"><img loading=\"lazy\" decoding=\"async\" width=\"1024\" height=\"498\" src=\"http:\/\/miraserra.org.br\/wp-content\/uploads\/2019\/12\/esp-inv-5-1024x498.jpg\" alt=\"\" class=\"wp-image-2315\" srcset=\"https:\/\/miraserra.org.br\/wp-content\/uploads\/2019\/12\/esp-inv-5-1024x498.jpg 1024w, https:\/\/miraserra.org.br\/wp-content\/uploads\/2019\/12\/esp-inv-5-300x146.jpg 300w, https:\/\/miraserra.org.br\/wp-content\/uploads\/2019\/12\/esp-inv-5-768x373.jpg 768w, https:\/\/miraserra.org.br\/wp-content\/uploads\/2019\/12\/esp-inv-5.jpg 1316w\" sizes=\"auto, (max-width: 1024px) 100vw, 1024px\" \/><\/figure>\n","protected":false},"excerpt":{"rendered":"<p>Muito oportuna a realiza\u00e7\u00e3o do Semin\u00e1rio Regional Esp\u00e9cies Ex\u00f3ticas Invasoras, no Dante Barone\/Assembl\u00e9ia Legislativa-RS (3\/12\/2019) &#8220;A\u00e7\u00e3o coordenada pelo Programa Estadual<\/p>\n","protected":false},"author":1,"featured_media":2310,"comment_status":"closed","ping_status":"closed","sticky":false,"template":"","format":"standard","meta":{"colormag_page_container_layout":"default_layout","colormag_page_sidebar_layout":"default_layout","_themeisle_gutenberg_block_has_review":false,"footnotes":""},"categories":[26],"tags":[193,194],"class_list":["post-2309","post","type-post","status-publish","format-standard","has-post-thumbnail","hentry","category-eventos","tag-especies-exoticas-invasoras","tag-invasao-biologica"],"_links":{"self":[{"href":"https:\/\/miraserra.org.br\/index.php\/wp-json\/wp\/v2\/posts\/2309","targetHints":{"allow":["GET"]}}],"collection":[{"href":"https:\/\/miraserra.org.br\/index.php\/wp-json\/wp\/v2\/posts"}],"about":[{"href":"https:\/\/miraserra.org.br\/index.php\/wp-json\/wp\/v2\/types\/post"}],"author":[{"embeddable":true,"href":"https:\/\/miraserra.org.br\/index.php\/wp-json\/wp\/v2\/users\/1"}],"replies":[{"embeddable":true,"href":"https:\/\/miraserra.org.br\/index.php\/wp-json\/wp\/v2\/comments?post=2309"}],"version-history":[{"count":2,"href":"https:\/\/miraserra.org.br\/index.php\/wp-json\/wp\/v2\/posts\/2309\/revisions"}],"predecessor-version":[{"id":2317,"href":"https:\/\/miraserra.org.br\/index.php\/wp-json\/wp\/v2\/posts\/2309\/revisions\/2317"}],"wp:featuredmedia":[{"embeddable":true,"href":"https:\/\/miraserra.org.br\/index.php\/wp-json\/wp\/v2\/media\/2310"}],"wp:attachment":[{"href":"https:\/\/miraserra.org.br\/index.php\/wp-json\/wp\/v2\/media?parent=2309"}],"wp:term":[{"taxonomy":"category","embeddable":true,"href":"https:\/\/miraserra.org.br\/index.php\/wp-json\/wp\/v2\/categories?post=2309"},{"taxonomy":"post_tag","embeddable":true,"href":"https:\/\/miraserra.org.br\/index.php\/wp-json\/wp\/v2\/tags?post=2309"}],"curies":[{"name":"wp","href":"https:\/\/api.w.org\/{rel}","templated":true}]}}