{"id":2359,"date":"2020-01-07T22:46:25","date_gmt":"2020-01-08T01:46:25","guid":{"rendered":"http:\/\/miraserra.org.br\/?p=2359"},"modified":"2020-03-25T22:47:58","modified_gmt":"2020-03-26T01:47:58","slug":"especies-em-extincao-especie-invasora","status":"publish","type":"post","link":"https:\/\/miraserra.org.br\/index.php\/2020\/01\/07\/especies-em-extincao-especie-invasora\/","title":{"rendered":"ESP\u00c9CIES EM EXTIN\u00c7\u00c3O &#038; ESP\u00c9CIE INVASORA"},"content":{"rendered":"\n<p style=\"text-align:center\" class=\"has-drop-cap has-medium-font-size\"> Na tarde do dia 7\/1\/2020, a reuni\u00e3o da C\u00e2mara T\u00e9cnica Permanente de Biodiversidade\/CONSEMA-RS, concluiu a avalia\u00e7\u00e3o da proposta para nova Resolu\u00e7\u00e3o. <\/p>\n\n\n\n<p style=\"text-align:center\" class=\"has-medium-font-size\">A minuta trata do risco de extin\u00e7\u00e3o de esp\u00e9cies e para publica\u00e7\u00e3o das listas oficiais de esp\u00e9cies da fauna e flora amea\u00e7adas de extin\u00e7\u00e3o no RS. A proposta ir\u00e1 para a plen\u00e1ria no dia 16\/1.<\/p>\n\n\n\n<p style=\"text-align:center\" class=\"has-medium-font-size\">Outro item, com in\u00edcio de discuss\u00e3o na CTP Bio, foi demandada pela plen\u00e1ria, que a recebeu da Associa\u00e7\u00e3o dos Munic\u00edpios do Alto Uruguai. <\/p>\n\n\n\n<p class=\"has-medium-font-size\">Naquela ocasi\u00e3o, por se tratar de manejo de Uva-do-Jap\u00e3o, a MIRA-SERRA e a IGRE expuseram argumenta\u00e7\u00e3o t\u00e9cnica contr\u00e1ria \u00e0 erradica\u00e7\u00e3o paulatina desta esp\u00e9cie extremamente invasora. <\/p>\n\n\n\n<p style=\"text-align:center\" class=\"has-medium-font-size\">Agora, o tema passa a tramitar nesta CTP , ap\u00f3s o Departamento de  Biodiversidade\/SEMA-RS elaborar material t\u00e9cnico de base. <\/p>\n\n\n\n<figure class=\"wp-block-image\"><img loading=\"lazy\" decoding=\"async\" width=\"1024\" height=\"498\" src=\"http:\/\/miraserra.org.br\/wp-content\/uploads\/2020\/03\/82035179_3189691444378322_1670434552327176192_o-1024x498.jpg\" alt=\"\" class=\"wp-image-2360\" srcset=\"https:\/\/miraserra.org.br\/wp-content\/uploads\/2020\/03\/82035179_3189691444378322_1670434552327176192_o-1024x498.jpg 1024w, https:\/\/miraserra.org.br\/wp-content\/uploads\/2020\/03\/82035179_3189691444378322_1670434552327176192_o-300x146.jpg 300w, https:\/\/miraserra.org.br\/wp-content\/uploads\/2020\/03\/82035179_3189691444378322_1670434552327176192_o-768x373.jpg 768w, https:\/\/miraserra.org.br\/wp-content\/uploads\/2020\/03\/82035179_3189691444378322_1670434552327176192_o.jpg 1316w\" sizes=\"auto, (max-width: 1024px) 100vw, 1024px\" \/><\/figure>\n\n\n\n<p><\/p>\n","protected":false},"excerpt":{"rendered":"<p>Na tarde do dia 7\/1\/2020, a reuni\u00e3o da C\u00e2mara T\u00e9cnica Permanente de Biodiversidade\/CONSEMA-RS, concluiu a avalia\u00e7\u00e3o da proposta para nova<\/p>\n","protected":false},"author":1,"featured_media":2360,"comment_status":"closed","ping_status":"closed","sticky":false,"template":"","format":"standard","meta":{"colormag_page_container_layout":"default_layout","colormag_page_sidebar_layout":"default_layout","_themeisle_gutenberg_block_has_review":false,"footnotes":""},"categories":[55,58,94],"tags":[197],"class_list":["post-2359","post","type-post","status-publish","format-standard","has-post-thumbnail","hentry","category-colegiados","category-consema-rs","category-ctp-de-biodiversidade","tag-especies-ameacadas"],"_links":{"self":[{"href":"https:\/\/miraserra.org.br\/index.php\/wp-json\/wp\/v2\/posts\/2359","targetHints":{"allow":["GET"]}}],"collection":[{"href":"https:\/\/miraserra.org.br\/index.php\/wp-json\/wp\/v2\/posts"}],"about":[{"href":"https:\/\/miraserra.org.br\/index.php\/wp-json\/wp\/v2\/types\/post"}],"author":[{"embeddable":true,"href":"https:\/\/miraserra.org.br\/index.php\/wp-json\/wp\/v2\/users\/1"}],"replies":[{"embeddable":true,"href":"https:\/\/miraserra.org.br\/index.php\/wp-json\/wp\/v2\/comments?post=2359"}],"version-history":[{"count":1,"href":"https:\/\/miraserra.org.br\/index.php\/wp-json\/wp\/v2\/posts\/2359\/revisions"}],"predecessor-version":[{"id":2361,"href":"https:\/\/miraserra.org.br\/index.php\/wp-json\/wp\/v2\/posts\/2359\/revisions\/2361"}],"wp:featuredmedia":[{"embeddable":true,"href":"https:\/\/miraserra.org.br\/index.php\/wp-json\/wp\/v2\/media\/2360"}],"wp:attachment":[{"href":"https:\/\/miraserra.org.br\/index.php\/wp-json\/wp\/v2\/media?parent=2359"}],"wp:term":[{"taxonomy":"category","embeddable":true,"href":"https:\/\/miraserra.org.br\/index.php\/wp-json\/wp\/v2\/categories?post=2359"},{"taxonomy":"post_tag","embeddable":true,"href":"https:\/\/miraserra.org.br\/index.php\/wp-json\/wp\/v2\/tags?post=2359"}],"curies":[{"name":"wp","href":"https:\/\/api.w.org\/{rel}","templated":true}]}}