{"id":2362,"date":"2020-01-17T23:38:06","date_gmt":"2020-01-18T02:38:06","guid":{"rendered":"http:\/\/miraserra.org.br\/?p=2362"},"modified":"2020-03-25T23:38:56","modified_gmt":"2020-03-26T02:38:56","slug":"consema-rs-inicia-2020","status":"publish","type":"post","link":"https:\/\/miraserra.org.br\/index.php\/2020\/01\/17\/consema-rs-inicia-2020\/","title":{"rendered":"CONSEMA-RS inicia 2020"},"content":{"rendered":"\n<div class=\"wp-block-image\"><figure class=\"aligncenter\"><img loading=\"lazy\" decoding=\"async\" width=\"1024\" height=\"498\" src=\"http:\/\/miraserra.org.br\/wp-content\/uploads\/2020\/03\/82944131_3206765012670965_414837598196858880_o-1024x498.jpg\" alt=\"\" class=\"wp-image-2363\" srcset=\"https:\/\/miraserra.org.br\/wp-content\/uploads\/2020\/03\/82944131_3206765012670965_414837598196858880_o-1024x498.jpg 1024w, https:\/\/miraserra.org.br\/wp-content\/uploads\/2020\/03\/82944131_3206765012670965_414837598196858880_o-300x146.jpg 300w, https:\/\/miraserra.org.br\/wp-content\/uploads\/2020\/03\/82944131_3206765012670965_414837598196858880_o-768x373.jpg 768w, https:\/\/miraserra.org.br\/wp-content\/uploads\/2020\/03\/82944131_3206765012670965_414837598196858880_o.jpg 1316w\" sizes=\"auto, (max-width: 1024px) 100vw, 1024px\" \/><figcaption>Novo local das reuni\u00f5es do CONSEMA-RS<\/figcaption><\/figure><\/div>\n\n\n\n<p class=\"has-drop-cap\"> A transfer\u00eancia da SEMA do pr\u00e9dio no centro para o CAFF n\u00e3o melhorou o ambiente para as reuni\u00f5es do CONSEMA-RS.<\/p>\n\n\n\n<div class=\"wp-block-image\"><figure class=\"alignright is-resized\"><img loading=\"lazy\" decoding=\"async\" src=\"http:\/\/miraserra.org.br\/wp-content\/uploads\/2020\/03\/82245763_3206765102670956_6677137680859398144_n-150x150.jpg\" alt=\"\" class=\"wp-image-2366\" width=\"268\" height=\"268\"\/><figcaption>Jornal do Com\u00e9rcio, 16\/1\/2020<\/figcaption><\/figure><\/div>\n\n\n\n<p style=\"text-align:center\">Na tarde de hoje (17\/01\/2020), a pauta densa sofreu altera\u00e7\u00e3o com a fala do representante da ASFEPAM, que obteve liminar na justi\u00e7a para suspens\u00e3o da reuni\u00e3o. Embora o presidente do CONSEMA tenha dado continuidade aos trabalhos, a representante da MIRA-SERRA solicitou esclarecimentos visto que o colegiado poderia vir a ter anuladas todas as delibera\u00e7\u00f5es por for\u00e7a do descumprimento judicial. Acrescentou que a indica\u00e7\u00e3o t\u00e9cnica, pela ASFEPAM ao CONSEMA, \u00e9 hist\u00f3rica e amparada pela legisla\u00e7\u00e3o. De todo modo, a presid\u00eancia manteve a condu\u00e7\u00e3o da reuni\u00e3o.<\/p>\n\n\n\n<figure class=\"wp-block-image\"><img loading=\"lazy\" decoding=\"async\" width=\"1024\" height=\"498\" src=\"http:\/\/miraserra.org.br\/wp-content\/uploads\/2020\/03\/82167619_3206764906004309_5989037388364513280_o-1024x498.jpg\" alt=\"\" class=\"wp-image-2368\" srcset=\"https:\/\/miraserra.org.br\/wp-content\/uploads\/2020\/03\/82167619_3206764906004309_5989037388364513280_o-1024x498.jpg 1024w, https:\/\/miraserra.org.br\/wp-content\/uploads\/2020\/03\/82167619_3206764906004309_5989037388364513280_o-300x146.jpg 300w, https:\/\/miraserra.org.br\/wp-content\/uploads\/2020\/03\/82167619_3206764906004309_5989037388364513280_o-768x373.jpg 768w, https:\/\/miraserra.org.br\/wp-content\/uploads\/2020\/03\/82167619_3206764906004309_5989037388364513280_o.jpg 1316w\" sizes=\"auto, (max-width: 1024px) 100vw, 1024px\" \/><figcaption>Novo espa\u00e7o \u00e9 bem menor que o anterior e dificulta o acesso ao microfone<\/figcaption><\/figure>\n\n\n\n<p style=\"text-align:center\"><br>Aprovada a ata da reuni\u00e3o anterior e os encaminhamentos da CTP Assuntos Jur\u00eddicos, relativos aos recursos administrativos de multas ambientais. <\/p>\n\n\n\n<p style=\"text-align:center\">Na sequ\u00eancia, a MIRA-SERRA apresentou seu parecer \u00e0 minuta de nova Resolu\u00e7\u00e3o, sob pedido de vista. <\/p>\n\n\n\n<figure class=\"wp-block-image\"><img loading=\"lazy\" decoding=\"async\" width=\"1024\" height=\"479\" src=\"http:\/\/miraserra.org.br\/wp-content\/uploads\/2020\/03\/82318176_3206764782670988_2044623115450843136_o-1024x479.jpg\" alt=\"\" class=\"wp-image-2367\" srcset=\"https:\/\/miraserra.org.br\/wp-content\/uploads\/2020\/03\/82318176_3206764782670988_2044623115450843136_o-1024x479.jpg 1024w, https:\/\/miraserra.org.br\/wp-content\/uploads\/2020\/03\/82318176_3206764782670988_2044623115450843136_o-300x140.jpg 300w, https:\/\/miraserra.org.br\/wp-content\/uploads\/2020\/03\/82318176_3206764782670988_2044623115450843136_o-768x359.jpg 768w, https:\/\/miraserra.org.br\/wp-content\/uploads\/2020\/03\/82318176_3206764782670988_2044623115450843136_o.jpg 1280w\" sizes=\"auto, (max-width: 1024px) 100vw, 1024px\" \/><figcaption>Conselheira, pela MIRA-SERRA, inicia exposi\u00e7\u00e3o do parecer<\/figcaption><\/figure>\n\n\n\n<p style=\"text-align:center\">Segundo o parecer <br><a href=\"http:\/\/miraserra.org.br\/wp-content\/uploads\/2020\/03\/Item-03-de-pauta-Of-MIRASERRA-01_2020-agua-reuso-CONSEMA-1-1.pdf\">(http:\/\/miraserra.org.br\/wp-content\/uploads\/2020\/03\/Item-03-de-pauta-Of-MIRASERRA-01_2020-agua-reuso-CONSEMA-1-1.pdf<\/a>), <br>a aus\u00eancia de referencial t\u00e9cnico e legal na elabora\u00e7\u00e3o da proposta, entre outros aspectos, levariam \u00e0 inseguran\u00e7a na sua aplicabilidade. <br><\/p>\n\n\n\n<p style=\"text-align:center\">A explana\u00e7\u00e3o foi interrompida pelo presidente do CONSEMA-RS, devido ao recebimento oficial da liminar judicial. Assim sendo, a reuni\u00e3o foi encerrada. Assim sendo, a reuni\u00e3o foi encerrada.<\/p>\n","protected":false},"excerpt":{"rendered":"<p>A transfer\u00eancia da SEMA do pr\u00e9dio no centro para o CAFF n\u00e3o melhorou o ambiente para as reuni\u00f5es do CONSEMA-RS.<\/p>\n","protected":false},"author":1,"featured_media":0,"comment_status":"closed","ping_status":"closed","sticky":false,"template":"","format":"standard","meta":{"colormag_page_container_layout":"default_layout","colormag_page_sidebar_layout":"default_layout","_themeisle_gutenberg_block_has_review":false,"footnotes":""},"categories":[55,58],"tags":[200,149,198,199],"class_list":["post-2362","post","type-post","status-publish","format-standard","hentry","category-colegiados","category-consema-rs","tag-asfepam","tag-consema","tag-parecer","tag-reuso-agua-servida"],"_links":{"self":[{"href":"https:\/\/miraserra.org.br\/index.php\/wp-json\/wp\/v2\/posts\/2362","targetHints":{"allow":["GET"]}}],"collection":[{"href":"https:\/\/miraserra.org.br\/index.php\/wp-json\/wp\/v2\/posts"}],"about":[{"href":"https:\/\/miraserra.org.br\/index.php\/wp-json\/wp\/v2\/types\/post"}],"author":[{"embeddable":true,"href":"https:\/\/miraserra.org.br\/index.php\/wp-json\/wp\/v2\/users\/1"}],"replies":[{"embeddable":true,"href":"https:\/\/miraserra.org.br\/index.php\/wp-json\/wp\/v2\/comments?post=2362"}],"version-history":[{"count":1,"href":"https:\/\/miraserra.org.br\/index.php\/wp-json\/wp\/v2\/posts\/2362\/revisions"}],"predecessor-version":[{"id":2369,"href":"https:\/\/miraserra.org.br\/index.php\/wp-json\/wp\/v2\/posts\/2362\/revisions\/2369"}],"wp:attachment":[{"href":"https:\/\/miraserra.org.br\/index.php\/wp-json\/wp\/v2\/media?parent=2362"}],"wp:term":[{"taxonomy":"category","embeddable":true,"href":"https:\/\/miraserra.org.br\/index.php\/wp-json\/wp\/v2\/categories?post=2362"},{"taxonomy":"post_tag","embeddable":true,"href":"https:\/\/miraserra.org.br\/index.php\/wp-json\/wp\/v2\/tags?post=2362"}],"curies":[{"name":"wp","href":"https:\/\/api.w.org\/{rel}","templated":true}]}}