{"id":2370,"date":"2020-01-23T21:29:17","date_gmt":"2020-01-24T00:29:17","guid":{"rendered":"http:\/\/miraserra.org.br\/?p=2370"},"modified":"2020-03-26T00:30:12","modified_gmt":"2020-03-26T03:30:12","slug":"mira-serra-em-sao-leopoldo","status":"publish","type":"post","link":"https:\/\/miraserra.org.br\/index.php\/2020\/01\/23\/mira-serra-em-sao-leopoldo\/","title":{"rendered":"MIRA-SERRA EM S\u00c3O LEOPOLDO"},"content":{"rendered":"\n<p style=\"text-align:center\" class=\"has-medium-font-size\"><strong><em>23\/1\/2020:<\/em> Tarde produtiva no &#8220;Encontro de Converg\u00eancias das Lutas Socioambientais&#8221;<\/strong><\/p>\n\n\n\n<p><em><strong>Painelistas<\/strong><\/em><\/p>\n\n\n\n<p>Lu\u00eds Fernando Perello \u2013 bi\u00f3logo e doutor em ecologia;<\/p>\n\n\n\n<p>Lisiane Becker \u2013 especialista, mestre em bioci\u00eancias e perita ambiental;<\/p>\n\n\n\n<p>Maria Luiza Roessler \u2013 escritora, neta de Henrique Roessler;<\/p>\n\n\n\n<p>Ary Vanazzi \u2013 prefeito de S\u00e3o Leopoldo<\/p>\n\n\n\n<p>A organiza\u00e7\u00e3o foi do Grupo de Refer\u00eancia do FSR202 \u2013 Apoio: Secult, Semmam, Semae, Sedhu, Semhab, Semop | Prefeitura de S\u00e3o Leopoldo.<\/p>\n\n\n\n<figure class=\"wp-block-image\"><img loading=\"lazy\" decoding=\"async\" width=\"1024\" height=\"498\" src=\"http:\/\/miraserra.org.br\/wp-content\/uploads\/2020\/03\/83011572_3221572797856853_7090763995199569920_o-1024x498.jpg\" alt=\"\" class=\"wp-image-2371\" srcset=\"https:\/\/miraserra.org.br\/wp-content\/uploads\/2020\/03\/83011572_3221572797856853_7090763995199569920_o-1024x498.jpg 1024w, https:\/\/miraserra.org.br\/wp-content\/uploads\/2020\/03\/83011572_3221572797856853_7090763995199569920_o-300x146.jpg 300w, https:\/\/miraserra.org.br\/wp-content\/uploads\/2020\/03\/83011572_3221572797856853_7090763995199569920_o-768x373.jpg 768w, https:\/\/miraserra.org.br\/wp-content\/uploads\/2020\/03\/83011572_3221572797856853_7090763995199569920_o.jpg 1316w\" sizes=\"auto, (max-width: 1024px) 100vw, 1024px\" \/><figcaption>Secret\u00e1rio Municipal do Meio Ambiente\/S\u00e3o Leopoldo, Darci Zanini, conduziu os trabalhos<\/figcaption><\/figure>\n\n\n\n<p style=\"text-align:center\"> A MIRA-SERRA abordou o tema <br>&#8220;Biodiversidade no contexto das pol\u00edticas p\u00fablicas&#8221;. <br>Neste contexto, incluiu os principais problemas, ganhos e perdas ao ambiente natural e \u00e0s popula\u00e7\u00f5es humanas. <\/p>\n\n\n\n<p style=\"text-align:center\">Al\u00e9m disto, citou as Reservas Particulares do Patrim\u00f4nio Natural  (<em>Veja mais em  <\/em><a href=\"https:\/\/www.rppn.org.br\/\">https:\/\/www.rppn.org.br\/<\/a> ), <br>cuja data nacional \u00e9 comemorada no dia 31\/1!<\/p>\n\n\n\n<figure class=\"wp-block-image\"><img loading=\"lazy\" decoding=\"async\" width=\"1024\" height=\"498\" src=\"http:\/\/miraserra.org.br\/wp-content\/uploads\/2020\/03\/82848876_3221572687856864_6423069994271113216_o-1024x498.jpg\" alt=\"\" class=\"wp-image-2372\" srcset=\"https:\/\/miraserra.org.br\/wp-content\/uploads\/2020\/03\/82848876_3221572687856864_6423069994271113216_o-1024x498.jpg 1024w, https:\/\/miraserra.org.br\/wp-content\/uploads\/2020\/03\/82848876_3221572687856864_6423069994271113216_o-300x146.jpg 300w, https:\/\/miraserra.org.br\/wp-content\/uploads\/2020\/03\/82848876_3221572687856864_6423069994271113216_o-768x373.jpg 768w, https:\/\/miraserra.org.br\/wp-content\/uploads\/2020\/03\/82848876_3221572687856864_6423069994271113216_o.jpg 1152w\" sizes=\"auto, (max-width: 1024px) 100vw, 1024px\" \/><figcaption>Coordenadora-presidente da MIRA-SERRA explana sobre Biodiversidade no contexto das Pol\u00edticas P\u00fablicas<\/figcaption><\/figure>\n\n\n\n<p style=\"text-align:center\">S\u00e3o Leopoldo tem sido destaque no debate ambiental. Agradecimentos a todos que se fizeram presentes, bem como ao ecol. Felipe Amaral, que conduziu a mesa representando a APEDEMA-RS. <\/p>\n\n\n\n<figure class=\"wp-block-image\"><img loading=\"lazy\" decoding=\"async\" width=\"960\" height=\"720\" src=\"http:\/\/miraserra.org.br\/wp-content\/uploads\/2020\/03\/82636245_3221572611190205_2489860114211667968_n.jpg\" alt=\"\" class=\"wp-image-2374\" srcset=\"https:\/\/miraserra.org.br\/wp-content\/uploads\/2020\/03\/82636245_3221572611190205_2489860114211667968_n.jpg 960w, https:\/\/miraserra.org.br\/wp-content\/uploads\/2020\/03\/82636245_3221572611190205_2489860114211667968_n-300x225.jpg 300w, https:\/\/miraserra.org.br\/wp-content\/uploads\/2020\/03\/82636245_3221572611190205_2489860114211667968_n-768x576.jpg 768w\" sizes=\"auto, (max-width: 960px) 100vw, 960px\" \/><figcaption>Da esquerda para a direita: AGAPAN, UPAN, MIRA-SERRA (Lisiane e Roberta) e o Bi\u00f3l. Perello<\/figcaption><\/figure>\n\n\n\n<p><\/p>\n","protected":false},"excerpt":{"rendered":"<p>23\/1\/2020: Tarde produtiva no &#8220;Encontro de Converg\u00eancias das Lutas Socioambientais&#8221; Painelistas Lu\u00eds Fernando Perello \u2013 bi\u00f3logo e doutor em ecologia;<\/p>\n","protected":false},"author":1,"featured_media":2372,"comment_status":"closed","ping_status":"closed","sticky":false,"template":"","format":"standard","meta":{"colormag_page_container_layout":"default_layout","colormag_page_sidebar_layout":"default_layout","_themeisle_gutenberg_block_has_review":false,"footnotes":""},"categories":[26],"tags":[151,139,201],"class_list":["post-2370","post","type-post","status-publish","format-standard","has-post-thumbnail","hentry","category-eventos","tag-biodiversidade","tag-politicas-publicas","tag-sao-leopoldo"],"_links":{"self":[{"href":"https:\/\/miraserra.org.br\/index.php\/wp-json\/wp\/v2\/posts\/2370","targetHints":{"allow":["GET"]}}],"collection":[{"href":"https:\/\/miraserra.org.br\/index.php\/wp-json\/wp\/v2\/posts"}],"about":[{"href":"https:\/\/miraserra.org.br\/index.php\/wp-json\/wp\/v2\/types\/post"}],"author":[{"embeddable":true,"href":"https:\/\/miraserra.org.br\/index.php\/wp-json\/wp\/v2\/users\/1"}],"replies":[{"embeddable":true,"href":"https:\/\/miraserra.org.br\/index.php\/wp-json\/wp\/v2\/comments?post=2370"}],"version-history":[{"count":1,"href":"https:\/\/miraserra.org.br\/index.php\/wp-json\/wp\/v2\/posts\/2370\/revisions"}],"predecessor-version":[{"id":2375,"href":"https:\/\/miraserra.org.br\/index.php\/wp-json\/wp\/v2\/posts\/2370\/revisions\/2375"}],"wp:featuredmedia":[{"embeddable":true,"href":"https:\/\/miraserra.org.br\/index.php\/wp-json\/wp\/v2\/media\/2372"}],"wp:attachment":[{"href":"https:\/\/miraserra.org.br\/index.php\/wp-json\/wp\/v2\/media?parent=2370"}],"wp:term":[{"taxonomy":"category","embeddable":true,"href":"https:\/\/miraserra.org.br\/index.php\/wp-json\/wp\/v2\/categories?post=2370"},{"taxonomy":"post_tag","embeddable":true,"href":"https:\/\/miraserra.org.br\/index.php\/wp-json\/wp\/v2\/tags?post=2370"}],"curies":[{"name":"wp","href":"https:\/\/api.w.org\/{rel}","templated":true}]}}