{"id":2381,"date":"2020-01-31T10:30:35","date_gmt":"2020-01-31T13:30:35","guid":{"rendered":"http:\/\/miraserra.org.br\/?p=2381"},"modified":"2020-10-14T02:05:51","modified_gmt":"2020-10-14T05:05:51","slug":"dia-nacional-das-rppns","status":"publish","type":"post","link":"https:\/\/miraserra.org.br\/index.php\/2020\/01\/31\/dia-nacional-das-rppns\/","title":{"rendered":"DIA NACIONAL DAS RPPNs"},"content":{"rendered":"\n<p style=\"text-align:center\" class=\"has-background has-medium-font-size has-light-green-cyan-background-color\"><strong>31 de janeiro: DIA NACIONAL DAS RPPNs <\/strong><br><strong>(Reserva Particular do Patrim\u00f4nio Natural).<\/strong><\/p>\n\n\n\n<figure class=\"wp-block-image\"><img loading=\"lazy\" decoding=\"async\" width=\"960\" height=\"832\" src=\"http:\/\/miraserra.org.br\/wp-content\/uploads\/2020\/03\/83929552_3238589052821894_2542654371905142784_o.jpg\" alt=\"\" class=\"wp-image-2382\" srcset=\"https:\/\/miraserra.org.br\/wp-content\/uploads\/2020\/03\/83929552_3238589052821894_2542654371905142784_o.jpg 960w, https:\/\/miraserra.org.br\/wp-content\/uploads\/2020\/03\/83929552_3238589052821894_2542654371905142784_o-300x260.jpg 300w, https:\/\/miraserra.org.br\/wp-content\/uploads\/2020\/03\/83929552_3238589052821894_2542654371905142784_o-768x666.jpg 768w\" sizes=\"auto, (max-width: 960px) 100vw, 960px\" \/><\/figure>\n\n\n\n<h3 class=\"wp-block-heading\">Parab\u00e9ns aos propriet\u00e1rios e aos que trabalham em prol destas Unidades de Conserva\u00e7\u00e3o!<\/h3>\n\n\n\n<p style=\"text-align:center\" class=\"has-background has-medium-font-size has-light-green-cyan-background-color\"><strong>Recorde como esta data foi comemorada em 2019, no RS:\u00a0<\/strong><a href=\"https:\/\/m.facebook.com\/story.php?story_fbid=2510073835673423&amp;id=401044756576352\"><strong>https:\/\/m.facebook.com\/story.php?story_fbid=2510073835673423&amp;id=401044756576352<\/strong><\/a><strong> <\/strong><\/p>\n\n\n\n<p style=\"text-align:center\" class=\"has-background has-medium-font-size has-light-green-cyan-background-color\"><strong>Saiba mais sobre RPPNs, no Brasil, em <\/strong> <a href=\"https:\/\/www.rppn.org.br\/\">https:\/\/www.rppn.org.br\/<\/a> <\/p>\n","protected":false},"excerpt":{"rendered":"<p>31 de janeiro: DIA NACIONAL DAS RPPNs (Reserva Particular do Patrim\u00f4nio Natural). Parab\u00e9ns aos propriet\u00e1rios e aos que trabalham em<\/p>\n","protected":false},"author":1,"featured_media":2382,"comment_status":"closed","ping_status":"closed","sticky":false,"template":"","format":"standard","meta":{"colormag_page_container_layout":"default_layout","colormag_page_sidebar_layout":"default_layout","_themeisle_gutenberg_block_has_review":false,"footnotes":""},"categories":[77,264,36],"tags":[203,188],"class_list":["post-2381","post","type-post","status-publish","format-standard","has-post-thumbnail","hentry","category-agenda","category-mira-serra-e-parceiros","category-rppn","tag-dia-nacional","tag-rppn"],"_links":{"self":[{"href":"https:\/\/miraserra.org.br\/index.php\/wp-json\/wp\/v2\/posts\/2381","targetHints":{"allow":["GET"]}}],"collection":[{"href":"https:\/\/miraserra.org.br\/index.php\/wp-json\/wp\/v2\/posts"}],"about":[{"href":"https:\/\/miraserra.org.br\/index.php\/wp-json\/wp\/v2\/types\/post"}],"author":[{"embeddable":true,"href":"https:\/\/miraserra.org.br\/index.php\/wp-json\/wp\/v2\/users\/1"}],"replies":[{"embeddable":true,"href":"https:\/\/miraserra.org.br\/index.php\/wp-json\/wp\/v2\/comments?post=2381"}],"version-history":[{"count":1,"href":"https:\/\/miraserra.org.br\/index.php\/wp-json\/wp\/v2\/posts\/2381\/revisions"}],"predecessor-version":[{"id":2383,"href":"https:\/\/miraserra.org.br\/index.php\/wp-json\/wp\/v2\/posts\/2381\/revisions\/2383"}],"wp:featuredmedia":[{"embeddable":true,"href":"https:\/\/miraserra.org.br\/index.php\/wp-json\/wp\/v2\/media\/2382"}],"wp:attachment":[{"href":"https:\/\/miraserra.org.br\/index.php\/wp-json\/wp\/v2\/media?parent=2381"}],"wp:term":[{"taxonomy":"category","embeddable":true,"href":"https:\/\/miraserra.org.br\/index.php\/wp-json\/wp\/v2\/categories?post=2381"},{"taxonomy":"post_tag","embeddable":true,"href":"https:\/\/miraserra.org.br\/index.php\/wp-json\/wp\/v2\/tags?post=2381"}],"curies":[{"name":"wp","href":"https:\/\/api.w.org\/{rel}","templated":true}]}}