{"id":2387,"date":"2020-02-29T21:45:43","date_gmt":"2020-03-01T00:45:43","guid":{"rendered":"http:\/\/miraserra.org.br\/?p=2387"},"modified":"2020-03-26T02:46:19","modified_gmt":"2020-03-26T05:46:19","slug":"atuacao-em-alto-feliz","status":"publish","type":"post","link":"https:\/\/miraserra.org.br\/index.php\/2020\/02\/29\/atuacao-em-alto-feliz\/","title":{"rendered":"ATUA\u00c7\u00c3O EM ALTO FELIZ"},"content":{"rendered":"\n<p style=\"text-align:center\" class=\"has-background has-light-green-cyan-background-color\"> Em 29\/2\/2020, a MIRA-SERRA esteve em Alto Feliz (RS), avaliando a situa\u00e7\u00e3o de projeto que impactaria 3 nascentes, al\u00e9m do dano causado a uma quarta &#8211; todas contribuintes do rio Ca\u00ed.<\/p>\n\n\n\n<figure class=\"wp-block-image\"><img loading=\"lazy\" decoding=\"async\" width=\"960\" height=\"480\" src=\"http:\/\/miraserra.org.br\/wp-content\/uploads\/2020\/03\/87896796_3308351629178969_7219626354247991296_n.jpg\" alt=\"\" class=\"wp-image-2389\" srcset=\"https:\/\/miraserra.org.br\/wp-content\/uploads\/2020\/03\/87896796_3308351629178969_7219626354247991296_n.jpg 960w, https:\/\/miraserra.org.br\/wp-content\/uploads\/2020\/03\/87896796_3308351629178969_7219626354247991296_n-300x150.jpg 300w, https:\/\/miraserra.org.br\/wp-content\/uploads\/2020\/03\/87896796_3308351629178969_7219626354247991296_n-768x384.jpg 768w\" sizes=\"auto, (max-width: 960px) 100vw, 960px\" \/><figcaption>Quatro nascentes desapareceriam pelo asfaltamento de um acesso dispens\u00e1vel <\/figcaption><\/figure>\n\n\n\n<p style=\"text-align:center\">O parecer t\u00e9cnico da ONG \u00e9 cortesia e, em sua elabora\u00e7\u00e3o, incluir\u00e1 alternativas t\u00e9cnicas \/locacionais, ensejando uma percep\u00e7\u00e3o integrada da prote\u00e7\u00e3o das nascentes e do fragmento de Mata Atl\u00e2ntica com o patrim\u00f4nio natural\/hist\u00f3rico-cultural do munic\u00edpio. <\/p>\n\n\n\n<figure class=\"wp-block-image\"><img loading=\"lazy\" decoding=\"async\" width=\"960\" height=\"720\" src=\"http:\/\/miraserra.org.br\/wp-content\/uploads\/2020\/03\/88320770_3308352105845588_1099089458260606976_n.jpg\" alt=\"\" class=\"wp-image-2390\" srcset=\"https:\/\/miraserra.org.br\/wp-content\/uploads\/2020\/03\/88320770_3308352105845588_1099089458260606976_n.jpg 960w, https:\/\/miraserra.org.br\/wp-content\/uploads\/2020\/03\/88320770_3308352105845588_1099089458260606976_n-300x225.jpg 300w, https:\/\/miraserra.org.br\/wp-content\/uploads\/2020\/03\/88320770_3308352105845588_1099089458260606976_n-768x576.jpg 768w\" sizes=\"auto, (max-width: 960px) 100vw, 960px\" \/><figcaption>Beleza c\u00eanica e  patrim\u00f4nio hist\u00f3rico est\u00e3o subaproveitados <\/figcaption><\/figure>\n\n\n\n<p style=\"text-align:center\">Como resultado desta abordagem, \u00e9 poss\u00edvel prever incremento tur\u00edstico e gera\u00e7\u00e3o de renda local, potencializando a prote\u00e7\u00e3o ambiental.<\/p>\n\n\n\n<figure class=\"wp-block-image\"><img loading=\"lazy\" decoding=\"async\" width=\"960\" height=\"720\" src=\"http:\/\/miraserra.org.br\/wp-content\/uploads\/2020\/03\/88169127_3308351752512290_8598576607365431296_n-1.jpg\" alt=\"\" class=\"wp-image-2391\" srcset=\"https:\/\/miraserra.org.br\/wp-content\/uploads\/2020\/03\/88169127_3308351752512290_8598576607365431296_n-1.jpg 960w, https:\/\/miraserra.org.br\/wp-content\/uploads\/2020\/03\/88169127_3308351752512290_8598576607365431296_n-1-300x225.jpg 300w, https:\/\/miraserra.org.br\/wp-content\/uploads\/2020\/03\/88169127_3308351752512290_8598576607365431296_n-1-768x576.jpg 768w\" sizes=\"auto, (max-width: 960px) 100vw, 960px\" \/><figcaption>Dois bi\u00f3logos da MIRA-SERRA realizaram estudo expedido da \u00e1rea.<\/figcaption><\/figure>\n\n\n\n<p style=\"text-align:center\">A <a href=\"http:\/\/miraserra.org.br\/index.php\/2020\/01\/28\/comite-cai-empossa-novos-conselheiros\/\"><em><strong>demanda surgiu na reuni\u00e3o<\/strong><\/em><\/a> do Comit\u00ea de Gerenciamento da Bacia Hidrogr\u00e1fica do Ca\u00ed  (veja tamb\u00e9m em: <a href=\"https:\/\/www.facebook.com\/ONGMiraSerra\/posts\/3232891020058364?__xts__%5B0%5D=68.ARB8Ci9Fnjdlt-iJCt58KwMZ6pzCyzYEx_yuHrcf0kXrszAvsIaDL5ieKxgEyrTqmd-iZjE3ixyZtcTVFff1J-YlijqupD3TUvWwdjl2Cd-ovrmDqrZ6LBdeHDC-UMDvxTbJiFv8rGzbvRyZJ2nAu6SdGKxmc9Ov5V1D30o1fGS6rEg7Vbq9D84UETkOBLcz_Dg6iCzW0RmKJqu-w3uQhaD-1bAv_RdeeMojBuJBuS4kaM-eL87HImKBINHkD3EB83glTWKPvNeRT-yP8fh1PxDRqOALxBSttEhkbqz8-ZWV_WAe-eDjG2L3PI_0jWwopVpTjEsEh1OKAIVFtbZQDwSNuw&amp;__tn__=K-R\">https:\/\/www.facebook.com\/401044756576352\/posts\/3232891020058364\/<\/a>) <\/p>\n","protected":false},"excerpt":{"rendered":"<p>Em 29\/2\/2020, a MIRA-SERRA esteve em Alto Feliz (RS), avaliando a situa\u00e7\u00e3o de projeto que impactaria 3 nascentes, al\u00e9m do<\/p>\n","protected":false},"author":1,"featured_media":2389,"comment_status":"closed","ping_status":"closed","sticky":false,"template":"","format":"standard","meta":{"colormag_page_container_layout":"default_layout","colormag_page_sidebar_layout":"default_layout","_themeisle_gutenberg_block_has_review":false,"footnotes":""},"categories":[77,73],"tags":[202,206,192],"class_list":["post-2387","post","type-post","status-publish","format-standard","has-post-thumbnail","hentry","category-agenda","category-noticias","tag-alto-feliz","tag-nascente","tag-rio-cai"],"_links":{"self":[{"href":"https:\/\/miraserra.org.br\/index.php\/wp-json\/wp\/v2\/posts\/2387","targetHints":{"allow":["GET"]}}],"collection":[{"href":"https:\/\/miraserra.org.br\/index.php\/wp-json\/wp\/v2\/posts"}],"about":[{"href":"https:\/\/miraserra.org.br\/index.php\/wp-json\/wp\/v2\/types\/post"}],"author":[{"embeddable":true,"href":"https:\/\/miraserra.org.br\/index.php\/wp-json\/wp\/v2\/users\/1"}],"replies":[{"embeddable":true,"href":"https:\/\/miraserra.org.br\/index.php\/wp-json\/wp\/v2\/comments?post=2387"}],"version-history":[{"count":1,"href":"https:\/\/miraserra.org.br\/index.php\/wp-json\/wp\/v2\/posts\/2387\/revisions"}],"predecessor-version":[{"id":2392,"href":"https:\/\/miraserra.org.br\/index.php\/wp-json\/wp\/v2\/posts\/2387\/revisions\/2392"}],"wp:featuredmedia":[{"embeddable":true,"href":"https:\/\/miraserra.org.br\/index.php\/wp-json\/wp\/v2\/media\/2389"}],"wp:attachment":[{"href":"https:\/\/miraserra.org.br\/index.php\/wp-json\/wp\/v2\/media?parent=2387"}],"wp:term":[{"taxonomy":"category","embeddable":true,"href":"https:\/\/miraserra.org.br\/index.php\/wp-json\/wp\/v2\/categories?post=2387"},{"taxonomy":"post_tag","embeddable":true,"href":"https:\/\/miraserra.org.br\/index.php\/wp-json\/wp\/v2\/tags?post=2387"}],"curies":[{"name":"wp","href":"https:\/\/api.w.org\/{rel}","templated":true}]}}