{"id":2408,"date":"2020-03-12T22:17:44","date_gmt":"2020-03-13T01:17:44","guid":{"rendered":"http:\/\/miraserra.org.br\/?p=2408"},"modified":"2020-04-02T02:31:49","modified_gmt":"2020-04-02T05:31:49","slug":"consema-coeso-so-que-nao","status":"publish","type":"post","link":"https:\/\/miraserra.org.br\/index.php\/2020\/03\/12\/consema-coeso-so-que-nao\/","title":{"rendered":"CONSEMA coeso&#8230; s\u00f3 que n\u00e3o"},"content":{"rendered":"\n<p style=\"text-align:center\">Apesar da <a href=\"https:\/\/www.sema.rs.gov.br\/sugestoes-das-atividades-passiveis-de-lac-sao-apresentadas-em-reuniao-do-consema\">mat\u00e9ria veiculada<\/a>, a reuni\u00e3o do CONSEMA-RS de mar\u00e7o, n\u00e3o foi um &#8220;mar de tranquilidade&#8221;.<\/p>\n\n\n\n<p style=\"text-align:center\"><a href=\"http:\/\/miraserra.org.br\/wp-content\/uploads\/2020\/04\/consema-227.pdf\">A s\u00edntese oficial<\/a>, enviada aos conselheiros, relata uma pequena amostra das discuss\u00f5es. Na realidade, por vezes, foram tensas e com agressividade gratuita.<\/p>\n\n\n\n<figure class=\"wp-block-image is-resized\"><img loading=\"lazy\" decoding=\"async\" src=\"http:\/\/miraserra.org.br\/wp-content\/uploads\/2020\/04\/92013687_2568726530056707_2603530057242640384_n-1.jpg\" alt=\"\" class=\"wp-image-2411\" width=\"580\" height=\"462\" srcset=\"https:\/\/miraserra.org.br\/wp-content\/uploads\/2020\/04\/92013687_2568726530056707_2603530057242640384_n-1.jpg 720w, https:\/\/miraserra.org.br\/wp-content\/uploads\/2020\/04\/92013687_2568726530056707_2603530057242640384_n-1-300x239.jpg 300w\" sizes=\"auto, (max-width: 580px) 100vw, 580px\" \/><figcaption>Proposta da MIRA-SERRA, para abrigar fauna e flora da Mata Atl\u00e2ntica nas exce\u00e7\u00f5es da minuta de Resolu\u00e7\u00e3o, foi rejeitada (at\u00e9 mesmo) para discuss\u00e3o em C\u00e2mara T\u00e9cnica.<\/figcaption><\/figure>\n\n\n\n<p style=\"text-align:center\">Logo de in\u00edcio, em &#8220;Comunica\u00e7\u00f5es&#8221;, a MIRA-SERRA precisou insistir que houve problemas no Processo Eleitoral para a 5\u00aa vaga ambientalista. A publica\u00e7\u00e3o no D.O.E., estando atrasada,  previa menos de dois dias para as entidades se inscreverem(!). O presidente do CONSEMA confirmou que o prazo regimental deve ser de 10 dias da publica\u00e7\u00e3o no DOE para as inscri\u00e7\u00f5es. Deste modo, um novo edital ser\u00e1 publicado.<\/p>\n\n\n\n<p style=\"text-align:center\">Pol\u00eamica se estabeleceu em rela\u00e7\u00e3o \u00e0 minuta que &#8220;<em>Altera a Resolu\u00e7\u00e3o 315\/2016, que estabelece crit\u00e9rios para o licenciamento da atividade de produ\u00e7\u00e3o de carv\u00e3o vegetal em fornos e d\u00e1 outras provid\u00eancias<\/em>&#8221; . <br>A   <a href=\"http:\/\/miraserra.org.br\/wp-content\/uploads\/2020\/03\/parecer_carv\u00e3o.pdf\">proposta da MIRA-SERRA<\/a>, para abrigar fauna e flora da Mata Atl\u00e2ntica nas exce\u00e7\u00f5es de que trata a mat\u00e9ria, foi rejeitada (at\u00e9 mesmo) para discuss\u00e3o em C\u00e2mara T\u00e9cnica. <\/p>\n\n\n\n<figure class=\"wp-block-image\"><img loading=\"lazy\" decoding=\"async\" width=\"885\" height=\"604\" src=\"http:\/\/miraserra.org.br\/wp-content\/uploads\/2020\/04\/consema_mar\u00e7o_mesa.jpg\" alt=\"\" class=\"wp-image-2415\" srcset=\"https:\/\/miraserra.org.br\/wp-content\/uploads\/2020\/04\/consema_mar\u00e7o_mesa.jpg 885w, https:\/\/miraserra.org.br\/wp-content\/uploads\/2020\/04\/consema_mar\u00e7o_mesa-300x205.jpg 300w, https:\/\/miraserra.org.br\/wp-content\/uploads\/2020\/04\/consema_mar\u00e7o_mesa-768x524.jpg 768w, https:\/\/miraserra.org.br\/wp-content\/uploads\/2020\/04\/consema_mar\u00e7o_mesa-130x90.jpg 130w\" sizes=\"auto, (max-width: 885px) 100vw, 885px\" \/><\/figure>\n","protected":false},"excerpt":{"rendered":"<p>Apesar da mat\u00e9ria veiculada, a reuni\u00e3o do CONSEMA-RS de mar\u00e7o, n\u00e3o foi um &#8220;mar de tranquilidade&#8221;. A s\u00edntese oficial, enviada<\/p>\n","protected":false},"author":1,"featured_media":2415,"comment_status":"closed","ping_status":"closed","sticky":false,"template":"","format":"standard","meta":{"colormag_page_container_layout":"default_layout","colormag_page_sidebar_layout":"default_layout","_themeisle_gutenberg_block_has_review":false,"footnotes":""},"categories":[55,58],"tags":[212,163,214],"class_list":["post-2408","post","type-post","status-publish","format-standard","has-post-thumbnail","hentry","category-colegiados","category-consema-rs","tag-carvao","tag-mata-atlantica","tag-vaga-ambientalista"],"_links":{"self":[{"href":"https:\/\/miraserra.org.br\/index.php\/wp-json\/wp\/v2\/posts\/2408","targetHints":{"allow":["GET"]}}],"collection":[{"href":"https:\/\/miraserra.org.br\/index.php\/wp-json\/wp\/v2\/posts"}],"about":[{"href":"https:\/\/miraserra.org.br\/index.php\/wp-json\/wp\/v2\/types\/post"}],"author":[{"embeddable":true,"href":"https:\/\/miraserra.org.br\/index.php\/wp-json\/wp\/v2\/users\/1"}],"replies":[{"embeddable":true,"href":"https:\/\/miraserra.org.br\/index.php\/wp-json\/wp\/v2\/comments?post=2408"}],"version-history":[{"count":4,"href":"https:\/\/miraserra.org.br\/index.php\/wp-json\/wp\/v2\/posts\/2408\/revisions"}],"predecessor-version":[{"id":2420,"href":"https:\/\/miraserra.org.br\/index.php\/wp-json\/wp\/v2\/posts\/2408\/revisions\/2420"}],"wp:featuredmedia":[{"embeddable":true,"href":"https:\/\/miraserra.org.br\/index.php\/wp-json\/wp\/v2\/media\/2415"}],"wp:attachment":[{"href":"https:\/\/miraserra.org.br\/index.php\/wp-json\/wp\/v2\/media?parent=2408"}],"wp:term":[{"taxonomy":"category","embeddable":true,"href":"https:\/\/miraserra.org.br\/index.php\/wp-json\/wp\/v2\/categories?post=2408"},{"taxonomy":"post_tag","embeddable":true,"href":"https:\/\/miraserra.org.br\/index.php\/wp-json\/wp\/v2\/tags?post=2408"}],"curies":[{"name":"wp","href":"https:\/\/api.w.org\/{rel}","templated":true}]}}