{"id":2461,"date":"2020-05-20T17:37:04","date_gmt":"2020-05-20T20:37:04","guid":{"rendered":"http:\/\/miraserra.org.br\/?p=2461"},"modified":"2020-05-24T17:37:32","modified_gmt":"2020-05-24T20:37:32","slug":"situacao-complexa-no-consema","status":"publish","type":"post","link":"https:\/\/miraserra.org.br\/index.php\/2020\/05\/20\/situacao-complexa-no-consema\/","title":{"rendered":"SITUA\u00c7\u00c3O COMPLEXA no CONSEMA"},"content":{"rendered":"\n<p style=\"text-align:center\"> A Reuni\u00e3o Extraordin\u00e1ria do CONSEMA (videoconfer\u00eancia) abordou situa\u00e7\u00e3o emergencial,  relativo \u00e0 redu\u00e7\u00e3o de frigor\u00edficos durante a pandemia, acarretando graves problemas nos criadouros de aves e su\u00ednos.<\/p>\n\n\n\n<p>Se de um lado a crise atual tem sua origem, exatamente, no uso abusivo dos recursos naturais, de outro, temos a subsist\u00eancia de fam\u00edlias que dependiam de uma solu\u00e7\u00e3o.<\/p>\n\n\n\n<p style=\"text-align:center\">A proposta de Resolu\u00e7\u00e3o CONSEMA advinda da reuni\u00e3o extraordin\u00e1ria da CT de m\u00e9rito, teve voto de absten\u00e7\u00e3o das ONGs indicadas pela APEDeMA-RS na plen\u00e1ria do dia 20\/maio. <\/p>\n\n\n\n<p style=\"text-align:center\" class=\"has-drop-cap\">Para a MIRA-SERRA, a amplia\u00e7\u00e3o da lota\u00e7\u00e3o, em at\u00e9 30%, nos empreendimentos de aves e su\u00ednos, licenciados pelos munic\u00edpios, durante 90 dias, traz inseguran\u00e7a t\u00e9cnica e jur\u00eddica devido \u00e0 reda\u00e7\u00e3o d\u00fabia do texto. <\/p>\n\n\n\n<figure class=\"wp-block-image\"><img loading=\"lazy\" decoding=\"async\" width=\"960\" height=\"412\" src=\"http:\/\/miraserra.org.br\/wp-content\/uploads\/2020\/05\/consema-criadouros.jpg\" alt=\"\" class=\"wp-image-2462\" srcset=\"https:\/\/miraserra.org.br\/wp-content\/uploads\/2020\/05\/consema-criadouros.jpg 960w, https:\/\/miraserra.org.br\/wp-content\/uploads\/2020\/05\/consema-criadouros-300x129.jpg 300w, https:\/\/miraserra.org.br\/wp-content\/uploads\/2020\/05\/consema-criadouros-768x330.jpg 768w\" sizes=\"auto, (max-width: 960px) 100vw, 960px\" \/><\/figure>\n","protected":false},"excerpt":{"rendered":"<p>A Reuni\u00e3o Extraordin\u00e1ria do CONSEMA (videoconfer\u00eancia) abordou situa\u00e7\u00e3o emergencial, relativo \u00e0 redu\u00e7\u00e3o de frigor\u00edficos durante a pandemia, acarretando graves problemas<\/p>\n","protected":false},"author":1,"featured_media":2462,"comment_status":"closed","ping_status":"closed","sticky":false,"template":"","format":"standard","meta":{"colormag_page_container_layout":"default_layout","colormag_page_sidebar_layout":"default_layout","_themeisle_gutenberg_block_has_review":false,"footnotes":""},"categories":[55,58],"tags":[220,221],"class_list":["post-2461","post","type-post","status-publish","format-standard","has-post-thumbnail","hentry","category-colegiados","category-consema-rs","tag-criadouros","tag-resolucao-consema"],"_links":{"self":[{"href":"https:\/\/miraserra.org.br\/index.php\/wp-json\/wp\/v2\/posts\/2461","targetHints":{"allow":["GET"]}}],"collection":[{"href":"https:\/\/miraserra.org.br\/index.php\/wp-json\/wp\/v2\/posts"}],"about":[{"href":"https:\/\/miraserra.org.br\/index.php\/wp-json\/wp\/v2\/types\/post"}],"author":[{"embeddable":true,"href":"https:\/\/miraserra.org.br\/index.php\/wp-json\/wp\/v2\/users\/1"}],"replies":[{"embeddable":true,"href":"https:\/\/miraserra.org.br\/index.php\/wp-json\/wp\/v2\/comments?post=2461"}],"version-history":[{"count":1,"href":"https:\/\/miraserra.org.br\/index.php\/wp-json\/wp\/v2\/posts\/2461\/revisions"}],"predecessor-version":[{"id":2463,"href":"https:\/\/miraserra.org.br\/index.php\/wp-json\/wp\/v2\/posts\/2461\/revisions\/2463"}],"wp:featuredmedia":[{"embeddable":true,"href":"https:\/\/miraserra.org.br\/index.php\/wp-json\/wp\/v2\/media\/2462"}],"wp:attachment":[{"href":"https:\/\/miraserra.org.br\/index.php\/wp-json\/wp\/v2\/media?parent=2461"}],"wp:term":[{"taxonomy":"category","embeddable":true,"href":"https:\/\/miraserra.org.br\/index.php\/wp-json\/wp\/v2\/categories?post=2461"},{"taxonomy":"post_tag","embeddable":true,"href":"https:\/\/miraserra.org.br\/index.php\/wp-json\/wp\/v2\/tags?post=2461"}],"curies":[{"name":"wp","href":"https:\/\/api.w.org\/{rel}","templated":true}]}}