{"id":2464,"date":"2020-05-14T18:13:09","date_gmt":"2020-05-14T21:13:09","guid":{"rendered":"http:\/\/miraserra.org.br\/?p=2464"},"modified":"2020-05-24T18:15:57","modified_gmt":"2020-05-24T21:15:57","slug":"primeira-reuniao-virtual-do-consema-rs","status":"publish","type":"post","link":"https:\/\/miraserra.org.br\/index.php\/2020\/05\/14\/primeira-reuniao-virtual-do-consema-rs\/","title":{"rendered":"PRIMEIRA REUNI\u00c3O VIRTUAL DO CONSEMA-RS"},"content":{"rendered":"\n<p>A participa\u00e7\u00e3o do Instituto MIRA-SERRA, na primeira reuni\u00e3o virtual do CONSEMA-RS, foi ativa e propositiva &#8211; apesar das dificuldades gerais da novidade neste colegiado.<\/p>\n\n\n\n<p>De in\u00edcio, <a href=\"http:\/\/Item-01-de-pauta-ATA-227\u00c2\u00aa-Reuni\u00c3\u00a3o-Ordin\u00c3\u00a1ria-do-CONSEMA-12.03.2020\">reprovou a ata da reuni\u00e3o anterior<\/a>, por n\u00e3o conter as principais falas na exposi\u00e7\u00e3o que tratou da minuta de Resolu\u00e7\u00e3o sobre uso de efluentes industriais e dom\u00e9sticos para irriga\u00e7\u00e3o. Veja: <a href=\"http:\/\/miraserra.org.br\/index.php\/2020\/03\/12\/consema-coeso-so-que-nao\/\">http:\/\/miraserra.org.br\/index.php\/2020\/03\/12\/consema-coeso-so-que-nao\/<\/a><\/p>\n\n\n\n<p>Quanto ao julgamento de recursos administrativos, a MIRA-SERRA ficou \u00e0 vontade para aprovar os pareceres da CT Assuntos Jur\u00eddicos, visto que ter representa\u00e7\u00e3o naquela C\u00e2mara T\u00e9cnica.<\/p>\n\n\n\n<p>Sobre as alterac\u00f5es na Resolu\u00e7\u00e3o 372\/2018, a coordenadora-presidente da ONG solicitou maior detalhamento para os itens a serem votados, o que foi realizado pela FEPAM.<\/p>\n\n\n\n<p>No que tange ao relato do DeBIO\/SEMA sobre o &#8220;Semin\u00e1rio Regional de Esp\u00e9cies Ex\u00f3ticas Invasoras&#8221;, a MIRA-SERRA solicitou espa\u00e7o para que as entidades ambientalistas possam colaborar com dados de campo. Al\u00e9m disto, parabenizou pela realiza\u00e7\u00e3o do evento, almejando que outros deem sequ\u00eancia.<\/p>\n\n\n\n<p>Nos &#8220;Assuntos Gerais &#8220;, a ONG lembrou que 27\/maio \u00e9 dia da Mata Atl\u00e2ntica e se segue, com a semana do Meio Ambiente &#8211; embora com a pandemia, n\u00e3o se possam realizar eventos presenciais. Adicionalmente, solicitou que seja enviado a todos os conselheiros  a Recomenda\u00e7\u00e3o do MPE\/MPF relativa ao Despacho Ministerial n\u00ba 4.410\/2020 (veja mais em  <a href=\"http:\/\/miraserra.org.br\/index.php\/2020\/04\/18\/despacho-ilegal-do-mma-compromete-a-mata-atlantica\/\">http:\/\/miraserra.org.br\/index.php\/2020\/04\/18\/despacho-ilegal-do-mma-compromete-a-mata-atlantica\/<\/a> )<\/p>\n\n\n\n<figure class=\"wp-block-image\"><img loading=\"lazy\" decoding=\"async\" width=\"805\" height=\"960\" src=\"http:\/\/miraserra.org.br\/wp-content\/uploads\/2020\/05\/consema-RO-virtual.jpg\" alt=\"\" class=\"wp-image-2466\" srcset=\"https:\/\/miraserra.org.br\/wp-content\/uploads\/2020\/05\/consema-RO-virtual.jpg 805w, https:\/\/miraserra.org.br\/wp-content\/uploads\/2020\/05\/consema-RO-virtual-252x300.jpg 252w, https:\/\/miraserra.org.br\/wp-content\/uploads\/2020\/05\/consema-RO-virtual-768x916.jpg 768w\" sizes=\"auto, (max-width: 805px) 100vw, 805px\" \/><\/figure>\n","protected":false},"excerpt":{"rendered":"<p>A participa\u00e7\u00e3o do Instituto MIRA-SERRA, na primeira reuni\u00e3o virtual do CONSEMA-RS, foi ativa e propositiva &#8211; apesar das dificuldades gerais<\/p>\n","protected":false},"author":1,"featured_media":2467,"comment_status":"closed","ping_status":"closed","sticky":false,"template":"","format":"standard","meta":{"colormag_page_container_layout":"default_layout","colormag_page_sidebar_layout":"default_layout","_themeisle_gutenberg_block_has_review":false,"footnotes":""},"categories":[55,58],"tags":[149],"class_list":["post-2464","post","type-post","status-publish","format-standard","has-post-thumbnail","hentry","category-colegiados","category-consema-rs","tag-consema"],"_links":{"self":[{"href":"https:\/\/miraserra.org.br\/index.php\/wp-json\/wp\/v2\/posts\/2464","targetHints":{"allow":["GET"]}}],"collection":[{"href":"https:\/\/miraserra.org.br\/index.php\/wp-json\/wp\/v2\/posts"}],"about":[{"href":"https:\/\/miraserra.org.br\/index.php\/wp-json\/wp\/v2\/types\/post"}],"author":[{"embeddable":true,"href":"https:\/\/miraserra.org.br\/index.php\/wp-json\/wp\/v2\/users\/1"}],"replies":[{"embeddable":true,"href":"https:\/\/miraserra.org.br\/index.php\/wp-json\/wp\/v2\/comments?post=2464"}],"version-history":[{"count":2,"href":"https:\/\/miraserra.org.br\/index.php\/wp-json\/wp\/v2\/posts\/2464\/revisions"}],"predecessor-version":[{"id":2469,"href":"https:\/\/miraserra.org.br\/index.php\/wp-json\/wp\/v2\/posts\/2464\/revisions\/2469"}],"wp:featuredmedia":[{"embeddable":true,"href":"https:\/\/miraserra.org.br\/index.php\/wp-json\/wp\/v2\/media\/2467"}],"wp:attachment":[{"href":"https:\/\/miraserra.org.br\/index.php\/wp-json\/wp\/v2\/media?parent=2464"}],"wp:term":[{"taxonomy":"category","embeddable":true,"href":"https:\/\/miraserra.org.br\/index.php\/wp-json\/wp\/v2\/categories?post=2464"},{"taxonomy":"post_tag","embeddable":true,"href":"https:\/\/miraserra.org.br\/index.php\/wp-json\/wp\/v2\/tags?post=2464"}],"curies":[{"name":"wp","href":"https:\/\/api.w.org\/{rel}","templated":true}]}}