{"id":2470,"date":"2020-05-08T20:27:22","date_gmt":"2020-05-08T23:27:22","guid":{"rendered":"http:\/\/miraserra.org.br\/?p=2470"},"modified":"2020-05-24T18:27:44","modified_gmt":"2020-05-24T21:27:44","slug":"resumo-da-semana-4-a-8-5","status":"publish","type":"post","link":"https:\/\/miraserra.org.br\/index.php\/2020\/05\/08\/resumo-da-semana-4-a-8-5\/","title":{"rendered":"RESUMO DA SEMANA (4 a 8\/5)"},"content":{"rendered":"\n<p class=\"has-drop-cap\"><strong>A semana foi marcada pelo in\u00edcio da elabora\u00e7\u00e3o de nova A\u00e7\u00e3o Civil P\u00fablica e pela atividade em 3 videoconfer\u00eancias.<br><\/strong><\/p>\n\n\n\n<p class=\"has-background has-light-green-cyan-background-color\"><br>1. Frente Parlamentar Ambientalista (6\/5): MP 910\/2019. Participou, pela entidade, a bi\u00f3l. Lisiane Becker.<\/p>\n\n\n\n<p class=\"has-background has-light-green-cyan-background-color\"><br>2. CT Biodiversidade\/CONSEMA (5\/5) foi representada pela biol. Lisiane Becker, em pauta que avaliou demanda sobre controle da Uva-do-jap\u00e3o e a cerca de revis\u00e3o de Resolu\u00e7\u00e3o 388\/2018 que trata de licenciamento ambiental para barramentos na bacia hidrogr\u00e1fica do rio Jacuizinho. MIRA-SERRA participar\u00e1 do GT Uva-do-jap\u00e3o e a UPAN, da revis\u00e3o na Res. 388.<\/p>\n\n\n\n<div class=\"wp-block-image\"><figure class=\"aligncenter is-resized\"><img loading=\"lazy\" decoding=\"async\" src=\"http:\/\/miraserra.org.br\/wp-content\/uploads\/2020\/05\/CTBio.jpg\" alt=\"\" class=\"wp-image-2471\" width=\"563\" height=\"421\" srcset=\"https:\/\/miraserra.org.br\/wp-content\/uploads\/2020\/05\/CTBio.jpg 960w, https:\/\/miraserra.org.br\/wp-content\/uploads\/2020\/05\/CTBio-300x225.jpg 300w, https:\/\/miraserra.org.br\/wp-content\/uploads\/2020\/05\/CTBio-768x576.jpg 768w\" sizes=\"auto, (max-width: 563px) 100vw, 563px\" \/><figcaption>CT Biodiversidade\/CONSEMA-RS<\/figcaption><\/figure><\/div>\n\n\n\n<p style=\"text-align:center\" class=\"has-background has-light-green-cyan-background-color\"><br>3. CT Assuntos Jur\u00eddicos\/CONSEMA realizou a sua 20\u00aa Reuni\u00e3o Extaordin\u00e1ria. A ONG esteve representada pelos advogados Cl\u00e1udia Ribeiro e Eduardo Wendling. Foram debatidos e votados os pareceres emitidos pelos membros da C\u00e2mara, de acordo com a pauta do dia<\/p>\n\n\n\n<figure class=\"wp-block-image\"><img loading=\"lazy\" decoding=\"async\" width=\"680\" height=\"960\" src=\"http:\/\/miraserra.org.br\/wp-content\/uploads\/2020\/05\/CT-AJu.jpg\" alt=\"\" class=\"wp-image-2472\" srcset=\"https:\/\/miraserra.org.br\/wp-content\/uploads\/2020\/05\/CT-AJu.jpg 680w, https:\/\/miraserra.org.br\/wp-content\/uploads\/2020\/05\/CT-AJu-213x300.jpg 213w\" sizes=\"auto, (max-width: 680px) 100vw, 680px\" \/><\/figure>\n","protected":false},"excerpt":{"rendered":"<p>A semana foi marcada pelo in\u00edcio da elabora\u00e7\u00e3o de nova A\u00e7\u00e3o Civil P\u00fablica e pela atividade em 3 videoconfer\u00eancias. 1.<\/p>\n","protected":false},"author":1,"featured_media":0,"comment_status":"closed","ping_status":"closed","sticky":false,"template":"","format":"standard","meta":{"colormag_page_container_layout":"default_layout","colormag_page_sidebar_layout":"default_layout","_themeisle_gutenberg_block_has_review":false,"footnotes":""},"categories":[77,55,58,93,94,33],"tags":[],"class_list":["post-2470","post","type-post","status-publish","format-standard","hentry","category-agenda","category-colegiados","category-consema-rs","category-ctp-assuntos-juridicos","category-ctp-de-biodiversidade","category-rma"],"_links":{"self":[{"href":"https:\/\/miraserra.org.br\/index.php\/wp-json\/wp\/v2\/posts\/2470","targetHints":{"allow":["GET"]}}],"collection":[{"href":"https:\/\/miraserra.org.br\/index.php\/wp-json\/wp\/v2\/posts"}],"about":[{"href":"https:\/\/miraserra.org.br\/index.php\/wp-json\/wp\/v2\/types\/post"}],"author":[{"embeddable":true,"href":"https:\/\/miraserra.org.br\/index.php\/wp-json\/wp\/v2\/users\/1"}],"replies":[{"embeddable":true,"href":"https:\/\/miraserra.org.br\/index.php\/wp-json\/wp\/v2\/comments?post=2470"}],"version-history":[{"count":1,"href":"https:\/\/miraserra.org.br\/index.php\/wp-json\/wp\/v2\/posts\/2470\/revisions"}],"predecessor-version":[{"id":2473,"href":"https:\/\/miraserra.org.br\/index.php\/wp-json\/wp\/v2\/posts\/2470\/revisions\/2473"}],"wp:attachment":[{"href":"https:\/\/miraserra.org.br\/index.php\/wp-json\/wp\/v2\/media?parent=2470"}],"wp:term":[{"taxonomy":"category","embeddable":true,"href":"https:\/\/miraserra.org.br\/index.php\/wp-json\/wp\/v2\/categories?post=2470"},{"taxonomy":"post_tag","embeddable":true,"href":"https:\/\/miraserra.org.br\/index.php\/wp-json\/wp\/v2\/tags?post=2470"}],"curies":[{"name":"wp","href":"https:\/\/api.w.org\/{rel}","templated":true}]}}