{"id":2474,"date":"2020-05-01T22:36:32","date_gmt":"2020-05-02T01:36:32","guid":{"rendered":"http:\/\/miraserra.org.br\/?p=2474"},"modified":"2020-05-24T19:00:07","modified_gmt":"2020-05-24T22:00:07","slug":"codigo-florestal-x-mata-atlantica","status":"publish","type":"post","link":"https:\/\/miraserra.org.br\/index.php\/2020\/05\/01\/codigo-florestal-x-mata-atlantica\/","title":{"rendered":"C\u00d3DIGO FLORESTAL x MATA ATL\u00c2NTICA"},"content":{"rendered":"\n<p style=\"text-align:center\" class=\"has-drop-cap\"> <strong>O Instituto MIRA-SERRA entrou com representa\u00e7\u00e3o no Minist\u00e9rio P\u00fablico-RS, contra despacho ministerial que ignora o Decreto da Mata Atl\u00e2ntica &#8211; regulamentador da Lei 11.428\/2006. A representa\u00e7\u00e3o, tamb\u00e9m, foi encaminhada ao Minist\u00e9rio P\u00fablico Federal como apensamento \u00e0 a\u00e7\u00e3o de outra entidade. <\/strong><\/p>\n\n\n\n<figure class=\"wp-block-image\"><img loading=\"lazy\" decoding=\"async\" width=\"540\" height=\"892\" src=\"http:\/\/miraserra.org.br\/wp-content\/uploads\/2020\/05\/inicial-repr-MP.jpg\" alt=\"\" class=\"wp-image-2489\" srcset=\"https:\/\/miraserra.org.br\/wp-content\/uploads\/2020\/05\/inicial-repr-MP.jpg 540w, https:\/\/miraserra.org.br\/wp-content\/uploads\/2020\/05\/inicial-repr-MP-182x300.jpg 182w\" sizes=\"auto, (max-width: 540px) 100vw, 540px\" \/><\/figure>\n\n\n\n<p class=\"has-background has-pale-cyan-blue-background-color\">A entidade recebeu pronta resposta do Minist\u00e9rio P\u00fablico, na a\u00e7\u00e3o protocolada pela MIRA-SERRA, quanto \u00e0 quest\u00e3o do <br><a href=\"http:\/\/miraserra.org.br\/index.php\/2020\/04\/18\/despacho-ilegal-do-mma-compromete-a-mata-atlantica\/\">C\u00f3digo Florestal x Mata Atl\u00e2ntica.<\/a><\/p>\n\n\n\n<p style=\"text-align:center\" class=\"has-background has-pale-cyan-blue-background-color\">O n\u00famero da not\u00edcia (<em>processo adminis<\/em>trativo) que consta no e-mail do MP (imagem abaixo) se trata do expediente aberto pelo pr\u00f3prio MP-RS ao qual teve a solicita\u00e7\u00e3o da ONG juntada e ele.<\/p>\n\n\n\n<figure class=\"wp-block-image\"><img loading=\"lazy\" decoding=\"async\" width=\"522\" height=\"960\" src=\"http:\/\/miraserra.org.br\/wp-content\/uploads\/2020\/05\/apensado-MP.jpg\" alt=\"\" class=\"wp-image-2475\" srcset=\"https:\/\/miraserra.org.br\/wp-content\/uploads\/2020\/05\/apensado-MP.jpg 522w, https:\/\/miraserra.org.br\/wp-content\/uploads\/2020\/05\/apensado-MP-163x300.jpg 163w\" sizes=\"auto, (max-width: 522px) 100vw, 522px\" \/><\/figure>\n","protected":false},"excerpt":{"rendered":"<p>O Instituto MIRA-SERRA entrou com representa\u00e7\u00e3o no Minist\u00e9rio P\u00fablico-RS, contra despacho ministerial que ignora o Decreto da Mata Atl\u00e2ntica &#8211;<\/p>\n","protected":false},"author":1,"featured_media":2352,"comment_status":"closed","ping_status":"closed","sticky":false,"template":"","format":"standard","meta":{"colormag_page_container_layout":"default_layout","colormag_page_sidebar_layout":"default_layout","_themeisle_gutenberg_block_has_review":false,"footnotes":""},"categories":[44,73],"tags":[],"class_list":["post-2474","post","type-post","status-publish","format-standard","has-post-thumbnail","hentry","category-mp","category-noticias"],"_links":{"self":[{"href":"https:\/\/miraserra.org.br\/index.php\/wp-json\/wp\/v2\/posts\/2474","targetHints":{"allow":["GET"]}}],"collection":[{"href":"https:\/\/miraserra.org.br\/index.php\/wp-json\/wp\/v2\/posts"}],"about":[{"href":"https:\/\/miraserra.org.br\/index.php\/wp-json\/wp\/v2\/types\/post"}],"author":[{"embeddable":true,"href":"https:\/\/miraserra.org.br\/index.php\/wp-json\/wp\/v2\/users\/1"}],"replies":[{"embeddable":true,"href":"https:\/\/miraserra.org.br\/index.php\/wp-json\/wp\/v2\/comments?post=2474"}],"version-history":[{"count":2,"href":"https:\/\/miraserra.org.br\/index.php\/wp-json\/wp\/v2\/posts\/2474\/revisions"}],"predecessor-version":[{"id":2490,"href":"https:\/\/miraserra.org.br\/index.php\/wp-json\/wp\/v2\/posts\/2474\/revisions\/2490"}],"wp:featuredmedia":[{"embeddable":true,"href":"https:\/\/miraserra.org.br\/index.php\/wp-json\/wp\/v2\/media\/2352"}],"wp:attachment":[{"href":"https:\/\/miraserra.org.br\/index.php\/wp-json\/wp\/v2\/media?parent=2474"}],"wp:term":[{"taxonomy":"category","embeddable":true,"href":"https:\/\/miraserra.org.br\/index.php\/wp-json\/wp\/v2\/categories?post=2474"},{"taxonomy":"post_tag","embeddable":true,"href":"https:\/\/miraserra.org.br\/index.php\/wp-json\/wp\/v2\/tags?post=2474"}],"curies":[{"name":"wp","href":"https:\/\/api.w.org\/{rel}","templated":true}]}}