{"id":2482,"date":"2020-05-01T18:54:49","date_gmt":"2020-05-01T21:54:49","guid":{"rendered":"http:\/\/miraserra.org.br\/?p=2482"},"modified":"2020-05-24T18:55:31","modified_gmt":"2020-05-24T21:55:31","slug":"sentenca-favoravel-a-rebio-mata-paludosa","status":"publish","type":"post","link":"https:\/\/miraserra.org.br\/index.php\/2020\/05\/01\/sentenca-favoravel-a-rebio-mata-paludosa\/","title":{"rendered":"SENTEN\u00c7A FAVOR\u00c1VEL \u00c0 ReBio MATA PALUDOSA"},"content":{"rendered":"\n<p style=\"text-align:center\" class=\"has-background has-light-green-cyan-background-color\">Senten\u00e7a em ACP favor\u00e1vel \u00e0 <br>Reserva Biol\u00f3gica Estadual da Mata Paludosa (RS)!<\/p>\n\n\n\n<p style=\"text-align:center\">A atua\u00e7\u00e3o do Instituto MIRA-SERRA foi protagonista ao \u00eaxito da a\u00e7\u00e3o para preserva\u00e7\u00e3o da Unidade de Conserva\u00e7\u00e3o da Mata Paludosa e mitiga\u00e7\u00e3o dos impactos causados no processo de licenciamento da rodovia, que envolveu os 54 kms \u00faltimos da RS 486\/RST 453 (Rota do Sol), no Munic\u00edpio de Itati\/RS, por se tratar de importantes remanescentes da <br>Mata Atl\u00e2ntica do Estado do RS.<br><br>No curso da A\u00e7\u00e3o Civil P\u00fablica, a ONG MIRS-SERRA compareceu \u00e0 4 audi\u00eancias presenciais e 1 inspe\u00e7\u00e3o judicial (audi\u00eancia realizada no local dos fatos com a presen\u00e7a da Ju\u00edza, Minist\u00e9rio P\u00fablico e Procuradores do Estado do RS). Nesses atos, apenas a MIRA-SERRA compareceu como autora da a\u00e7\u00e3o, representada pela Coordenadora-Presidente Lisiane Becker e a procuradora da entidade Cl\u00e1udia Ribeiro, nas datas (08\/10\/2013, 08\/11\/2013, 06\/12\/2013, 19\/09\/2016 e 07\/11\/2016).<br><br>Foi publicada senten\u00e7a determinando ao DAER \u00e0 instala\u00e7\u00e3o de controladores para redu\u00e7\u00e3o de velocidade no local e medidas de mitiga\u00e7\u00e3o do dano ambiental para prote\u00e7\u00e3o da fauna, apuradas em per\u00edcia; e determinando ao ESTADO\/RS que conclua o processo de regulariza\u00e7\u00e3o fundi\u00e1ria da reserva Biol\u00f3gica Mata Paludosa, feito ao longo do processo, conforme o Plano de Manejo que fora apresentado nos autos.<\/p>\n\n\n\n<p style=\"text-align:center\" class=\"has-background has-light-green-cyan-background-color\">A<strong> ACP est\u00e1 registrada sob o n\u00ba 5076074-71.2018.4.04.7100, com origem na 9\u00aa Vara Federal de POA\/RS. <\/strong><br><strong>No ano em curso, os autos foram remetidos ao TRF\/4 para julgamento dos recursos apresentados pelo DAER e Estado\/<\/strong>RS.<\/p>\n\n\n\n<figure class=\"wp-block-image\"><img loading=\"lazy\" decoding=\"async\" width=\"960\" height=\"916\" src=\"http:\/\/miraserra.org.br\/wp-content\/uploads\/2020\/05\/MATA-PALUDOSA-2-1.jpg\" alt=\"Mata Paludosa\nReBio\n\" class=\"wp-image-2486\" srcset=\"https:\/\/miraserra.org.br\/wp-content\/uploads\/2020\/05\/MATA-PALUDOSA-2-1.jpg 960w, https:\/\/miraserra.org.br\/wp-content\/uploads\/2020\/05\/MATA-PALUDOSA-2-1-300x286.jpg 300w, https:\/\/miraserra.org.br\/wp-content\/uploads\/2020\/05\/MATA-PALUDOSA-2-1-768x733.jpg 768w\" sizes=\"auto, (max-width: 960px) 100vw, 960px\" \/><\/figure>\n\n\n\n<figure class=\"wp-block-image\"><img loading=\"lazy\" decoding=\"async\" width=\"621\" height=\"960\" src=\"http:\/\/miraserra.org.br\/wp-content\/uploads\/2020\/05\/MATA-PALUDOSA.jpg\" alt=\"\" class=\"wp-image-2483\" srcset=\"https:\/\/miraserra.org.br\/wp-content\/uploads\/2020\/05\/MATA-PALUDOSA.jpg 621w, https:\/\/miraserra.org.br\/wp-content\/uploads\/2020\/05\/MATA-PALUDOSA-194x300.jpg 194w\" sizes=\"auto, (max-width: 621px) 100vw, 621px\" \/><\/figure>\n","protected":false},"excerpt":{"rendered":"<p>Senten\u00e7a em ACP favor\u00e1vel \u00e0 Reserva Biol\u00f3gica Estadual da Mata Paludosa (RS)! A atua\u00e7\u00e3o do Instituto MIRA-SERRA foi protagonista ao<\/p>\n","protected":false},"author":1,"featured_media":2486,"comment_status":"closed","ping_status":"closed","sticky":false,"template":"","format":"standard","meta":{"colormag_page_container_layout":"default_layout","colormag_page_sidebar_layout":"default_layout","_themeisle_gutenberg_block_has_review":false,"footnotes":""},"categories":[44,60],"tags":[],"class_list":["post-2482","post","type-post","status-publish","format-standard","has-post-thumbnail","hentry","category-mp","category-principais"],"_links":{"self":[{"href":"https:\/\/miraserra.org.br\/index.php\/wp-json\/wp\/v2\/posts\/2482","targetHints":{"allow":["GET"]}}],"collection":[{"href":"https:\/\/miraserra.org.br\/index.php\/wp-json\/wp\/v2\/posts"}],"about":[{"href":"https:\/\/miraserra.org.br\/index.php\/wp-json\/wp\/v2\/types\/post"}],"author":[{"embeddable":true,"href":"https:\/\/miraserra.org.br\/index.php\/wp-json\/wp\/v2\/users\/1"}],"replies":[{"embeddable":true,"href":"https:\/\/miraserra.org.br\/index.php\/wp-json\/wp\/v2\/comments?post=2482"}],"version-history":[{"count":1,"href":"https:\/\/miraserra.org.br\/index.php\/wp-json\/wp\/v2\/posts\/2482\/revisions"}],"predecessor-version":[{"id":2487,"href":"https:\/\/miraserra.org.br\/index.php\/wp-json\/wp\/v2\/posts\/2482\/revisions\/2487"}],"wp:featuredmedia":[{"embeddable":true,"href":"https:\/\/miraserra.org.br\/index.php\/wp-json\/wp\/v2\/media\/2486"}],"wp:attachment":[{"href":"https:\/\/miraserra.org.br\/index.php\/wp-json\/wp\/v2\/media?parent=2482"}],"wp:term":[{"taxonomy":"category","embeddable":true,"href":"https:\/\/miraserra.org.br\/index.php\/wp-json\/wp\/v2\/categories?post=2482"},{"taxonomy":"post_tag","embeddable":true,"href":"https:\/\/miraserra.org.br\/index.php\/wp-json\/wp\/v2\/tags?post=2482"}],"curies":[{"name":"wp","href":"https:\/\/api.w.org\/{rel}","templated":true}]}}