{"id":2503,"date":"2020-05-26T16:36:19","date_gmt":"2020-05-26T19:36:19","guid":{"rendered":"http:\/\/miraserra.org.br\/?p=2503"},"modified":"2020-06-07T16:37:21","modified_gmt":"2020-06-07T19:37:21","slug":"acao-conjunta-exitosa","status":"publish","type":"post","link":"https:\/\/miraserra.org.br\/index.php\/2020\/05\/26\/acao-conjunta-exitosa\/","title":{"rendered":"A\u00c7\u00c3O CONJUNTA EXITOSA"},"content":{"rendered":"\n<p style=\"text-align:center\" class=\"has-background has-medium-font-size has-light-green-cyan-background-color\"> Com a a\u00e7\u00e3o do Comando Ambiental da Brigada Militar\/ CABM, as duas den\u00fancias repassadas pela MIRA-SERRA resultaram no encontro de aves silvestres em cativeiro, armas, maus tratos a c\u00e3es, etc., <br>em Sert\u00e3o de Santana (RS)! <\/p>\n\n\n\n<figure class=\"wp-block-image\"><img loading=\"lazy\" decoding=\"async\" width=\"960\" height=\"720\" src=\"http:\/\/miraserra.org.br\/wp-content\/uploads\/2020\/06\/patram-1.jpg\" alt=\"\" class=\"wp-image-2506\" srcset=\"https:\/\/miraserra.org.br\/wp-content\/uploads\/2020\/06\/patram-1.jpg 960w, https:\/\/miraserra.org.br\/wp-content\/uploads\/2020\/06\/patram-1-300x225.jpg 300w, https:\/\/miraserra.org.br\/wp-content\/uploads\/2020\/06\/patram-1-768x576.jpg 768w\" sizes=\"auto, (max-width: 960px) 100vw, 960px\" \/><\/figure>\n\n\n\n<figure class=\"wp-block-image\"><img loading=\"lazy\" decoding=\"async\" width=\"960\" height=\"720\" src=\"http:\/\/miraserra.org.br\/wp-content\/uploads\/2020\/06\/patraM-2.jpg\" alt=\"\" class=\"wp-image-2504\" srcset=\"https:\/\/miraserra.org.br\/wp-content\/uploads\/2020\/06\/patraM-2.jpg 960w, https:\/\/miraserra.org.br\/wp-content\/uploads\/2020\/06\/patraM-2-300x225.jpg 300w, https:\/\/miraserra.org.br\/wp-content\/uploads\/2020\/06\/patraM-2-768x576.jpg 768w\" sizes=\"auto, (max-width: 960px) 100vw, 960px\" \/><\/figure>\n\n\n\n<figure class=\"wp-block-image\"><img loading=\"lazy\" decoding=\"async\" width=\"720\" height=\"960\" src=\"http:\/\/miraserra.org.br\/wp-content\/uploads\/2020\/06\/patram-3.jpg\" alt=\"\" class=\"wp-image-2505\" srcset=\"https:\/\/miraserra.org.br\/wp-content\/uploads\/2020\/06\/patram-3.jpg 720w, https:\/\/miraserra.org.br\/wp-content\/uploads\/2020\/06\/patram-3-225x300.jpg 225w\" sizes=\"auto, (max-width: 720px) 100vw, 720px\" \/><\/figure>\n","protected":false},"excerpt":{"rendered":"<p>Com a a\u00e7\u00e3o do Comando Ambiental da Brigada Militar\/ CABM, as duas den\u00fancias repassadas pela MIRA-SERRA resultaram no encontro de<\/p>\n","protected":false},"author":1,"featured_media":2506,"comment_status":"closed","ping_status":"closed","sticky":false,"template":"","format":"standard","meta":{"colormag_page_container_layout":"default_layout","colormag_page_sidebar_layout":"default_layout","_themeisle_gutenberg_block_has_review":false,"footnotes":""},"categories":[73],"tags":[153],"class_list":["post-2503","post","type-post","status-publish","format-standard","has-post-thumbnail","hentry","category-noticias","tag-fauna"],"_links":{"self":[{"href":"https:\/\/miraserra.org.br\/index.php\/wp-json\/wp\/v2\/posts\/2503","targetHints":{"allow":["GET"]}}],"collection":[{"href":"https:\/\/miraserra.org.br\/index.php\/wp-json\/wp\/v2\/posts"}],"about":[{"href":"https:\/\/miraserra.org.br\/index.php\/wp-json\/wp\/v2\/types\/post"}],"author":[{"embeddable":true,"href":"https:\/\/miraserra.org.br\/index.php\/wp-json\/wp\/v2\/users\/1"}],"replies":[{"embeddable":true,"href":"https:\/\/miraserra.org.br\/index.php\/wp-json\/wp\/v2\/comments?post=2503"}],"version-history":[{"count":1,"href":"https:\/\/miraserra.org.br\/index.php\/wp-json\/wp\/v2\/posts\/2503\/revisions"}],"predecessor-version":[{"id":2507,"href":"https:\/\/miraserra.org.br\/index.php\/wp-json\/wp\/v2\/posts\/2503\/revisions\/2507"}],"wp:featuredmedia":[{"embeddable":true,"href":"https:\/\/miraserra.org.br\/index.php\/wp-json\/wp\/v2\/media\/2506"}],"wp:attachment":[{"href":"https:\/\/miraserra.org.br\/index.php\/wp-json\/wp\/v2\/media?parent=2503"}],"wp:term":[{"taxonomy":"category","embeddable":true,"href":"https:\/\/miraserra.org.br\/index.php\/wp-json\/wp\/v2\/categories?post=2503"},{"taxonomy":"post_tag","embeddable":true,"href":"https:\/\/miraserra.org.br\/index.php\/wp-json\/wp\/v2\/tags?post=2503"}],"curies":[{"name":"wp","href":"https:\/\/api.w.org\/{rel}","templated":true}]}}