{"id":2508,"date":"2020-06-03T19:41:58","date_gmt":"2020-06-03T22:41:58","guid":{"rendered":"http:\/\/miraserra.org.br\/?p=2508"},"modified":"2020-06-07T16:44:23","modified_gmt":"2020-06-07T19:44:23","slug":"representacao-ativa-na-pandemia","status":"publish","type":"post","link":"https:\/\/miraserra.org.br\/index.php\/2020\/06\/03\/representacao-ativa-na-pandemia\/","title":{"rendered":"REPRESENTA\u00c7\u00c3O ATIVA NA PANDEMIA"},"content":{"rendered":"\n<p class=\"has-background has-luminous-vivid-amber-background-color\">Dia dedicado \u00e0 regi\u00e3o do rio Ca\u00ed. <br>Em reuni\u00e3o do Comit\u00ea de Gerenciamento da Bacia do Rio Ca\u00ed, foi aprovado o convite para a coordenadora-presidente da MIRA-SERRA integrar a Comiss\u00e3o Permanente de Assessoramento. <\/p>\n\n\n\n<figure class=\"wp-block-image\"><img loading=\"lazy\" decoding=\"async\" width=\"567\" height=\"319\" src=\"http:\/\/miraserra.org.br\/wp-content\/uploads\/2020\/06\/101407869_3544081442272652_1284687240072527872_n.jpg\" alt=\"\" class=\"wp-image-2509\" srcset=\"https:\/\/miraserra.org.br\/wp-content\/uploads\/2020\/06\/101407869_3544081442272652_1284687240072527872_n.jpg 567w, https:\/\/miraserra.org.br\/wp-content\/uploads\/2020\/06\/101407869_3544081442272652_1284687240072527872_n-300x169.jpg 300w\" sizes=\"auto, (max-width: 567px) 100vw, 567px\" \/><\/figure>\n\n\n\n<p class=\"has-background has-luminous-vivid-amber-background-color\">Paralelamente, integrantes da ONG interagiam na a\u00e7\u00e3o judicial e parecer t\u00e9cnico, visando impedir a destrui\u00e7\u00e3o de nascentes contribuintes do rio Ca\u00ed.<\/p>\n\n\n\n<figure class=\"wp-block-image\"><img loading=\"lazy\" decoding=\"async\" width=\"960\" height=\"720\" src=\"http:\/\/miraserra.org.br\/wp-content\/uploads\/2020\/06\/101816493_3544081492272647_4571537102231044096_n.jpg\" alt=\"\" class=\"wp-image-2510\" srcset=\"https:\/\/miraserra.org.br\/wp-content\/uploads\/2020\/06\/101816493_3544081492272647_4571537102231044096_n.jpg 960w, https:\/\/miraserra.org.br\/wp-content\/uploads\/2020\/06\/101816493_3544081492272647_4571537102231044096_n-300x225.jpg 300w, https:\/\/miraserra.org.br\/wp-content\/uploads\/2020\/06\/101816493_3544081492272647_4571537102231044096_n-768x576.jpg 768w\" sizes=\"auto, (max-width: 960px) 100vw, 960px\" \/><\/figure>\n\n\n\n<p> <\/p>\n","protected":false},"excerpt":{"rendered":"<p>Dia dedicado \u00e0 regi\u00e3o do rio Ca\u00ed. Em reuni\u00e3o do Comit\u00ea de Gerenciamento da Bacia do Rio Ca\u00ed, foi aprovado<\/p>\n","protected":false},"author":1,"featured_media":0,"comment_status":"closed","ping_status":"closed","sticky":false,"template":"","format":"standard","meta":{"colormag_page_container_layout":"default_layout","colormag_page_sidebar_layout":"default_layout","_themeisle_gutenberg_block_has_review":false,"footnotes":""},"categories":[55,59,1],"tags":[205,223],"class_list":["post-2508","post","type-post","status-publish","format-standard","hentry","category-colegiados","category-comites-de-bacia-hidrografica","category-menu","tag-cai","tag-comite-cai"],"_links":{"self":[{"href":"https:\/\/miraserra.org.br\/index.php\/wp-json\/wp\/v2\/posts\/2508","targetHints":{"allow":["GET"]}}],"collection":[{"href":"https:\/\/miraserra.org.br\/index.php\/wp-json\/wp\/v2\/posts"}],"about":[{"href":"https:\/\/miraserra.org.br\/index.php\/wp-json\/wp\/v2\/types\/post"}],"author":[{"embeddable":true,"href":"https:\/\/miraserra.org.br\/index.php\/wp-json\/wp\/v2\/users\/1"}],"replies":[{"embeddable":true,"href":"https:\/\/miraserra.org.br\/index.php\/wp-json\/wp\/v2\/comments?post=2508"}],"version-history":[{"count":1,"href":"https:\/\/miraserra.org.br\/index.php\/wp-json\/wp\/v2\/posts\/2508\/revisions"}],"predecessor-version":[{"id":2511,"href":"https:\/\/miraserra.org.br\/index.php\/wp-json\/wp\/v2\/posts\/2508\/revisions\/2511"}],"wp:attachment":[{"href":"https:\/\/miraserra.org.br\/index.php\/wp-json\/wp\/v2\/media?parent=2508"}],"wp:term":[{"taxonomy":"category","embeddable":true,"href":"https:\/\/miraserra.org.br\/index.php\/wp-json\/wp\/v2\/categories?post=2508"},{"taxonomy":"post_tag","embeddable":true,"href":"https:\/\/miraserra.org.br\/index.php\/wp-json\/wp\/v2\/tags?post=2508"}],"curies":[{"name":"wp","href":"https:\/\/api.w.org\/{rel}","templated":true}]}}