{"id":2522,"date":"2020-05-24T13:50:36","date_gmt":"2020-05-24T16:50:36","guid":{"rendered":"http:\/\/miraserra.org.br\/?p=2522"},"modified":"2020-06-07T17:57:47","modified_gmt":"2020-06-07T20:57:47","slug":"nota-da-rma-2","status":"publish","type":"post","link":"https:\/\/miraserra.org.br\/index.php\/2020\/05\/24\/nota-da-rma-2\/","title":{"rendered":"NOTA DA RMA"},"content":{"rendered":"\n<p style=\"text-align:center\" class=\"has-background has-cyan-bluish-gray-background-color\"><strong>Divulgamos a NOTA DA REDE DE ONGs DA MATA ATL\u00c2NTICA, na qual a MIRA-SERRA integra o Conselho de Coordena\u00e7\u00e3o, sobre as declara\u00e7\u00f5es do ministro.<\/strong><\/p>\n\n\n\n<figure class=\"wp-block-image\"><img loading=\"lazy\" decoding=\"async\" width=\"605\" height=\"960\" src=\"http:\/\/miraserra.org.br\/wp-content\/uploads\/2020\/06\/nota-rma-1.jpg\" alt=\"\" class=\"wp-image-2523\" srcset=\"https:\/\/miraserra.org.br\/wp-content\/uploads\/2020\/06\/nota-rma-1.jpg 605w, https:\/\/miraserra.org.br\/wp-content\/uploads\/2020\/06\/nota-rma-1-189x300.jpg 189w\" sizes=\"auto, (max-width: 605px) 100vw, 605px\" \/><\/figure>\n\n\n\n<figure class=\"wp-block-image\"><img loading=\"lazy\" decoding=\"async\" width=\"588\" height=\"960\" src=\"http:\/\/miraserra.org.br\/wp-content\/uploads\/2020\/06\/nota-rma-2.jpg\" alt=\"\" class=\"wp-image-2524\" srcset=\"https:\/\/miraserra.org.br\/wp-content\/uploads\/2020\/06\/nota-rma-2.jpg 588w, https:\/\/miraserra.org.br\/wp-content\/uploads\/2020\/06\/nota-rma-2-184x300.jpg 184w\" sizes=\"auto, (max-width: 588px) 100vw, 588px\" \/><\/figure>\n","protected":false},"excerpt":{"rendered":"<p>Divulgamos a NOTA DA REDE DE ONGs DA MATA ATL\u00c2NTICA, na qual a MIRA-SERRA integra o Conselho de Coordena\u00e7\u00e3o, sobre<\/p>\n","protected":false},"author":1,"featured_media":2523,"comment_status":"closed","ping_status":"closed","sticky":false,"template":"","format":"standard","meta":{"colormag_page_container_layout":"default_layout","colormag_page_sidebar_layout":"default_layout","_themeisle_gutenberg_block_has_review":false,"footnotes":""},"categories":[37,33],"tags":[163,179],"class_list":["post-2522","post","type-post","status-publish","format-standard","has-post-thumbnail","hentry","category-mata-atlantica","category-rma","tag-mata-atlantica","tag-rma"],"_links":{"self":[{"href":"https:\/\/miraserra.org.br\/index.php\/wp-json\/wp\/v2\/posts\/2522","targetHints":{"allow":["GET"]}}],"collection":[{"href":"https:\/\/miraserra.org.br\/index.php\/wp-json\/wp\/v2\/posts"}],"about":[{"href":"https:\/\/miraserra.org.br\/index.php\/wp-json\/wp\/v2\/types\/post"}],"author":[{"embeddable":true,"href":"https:\/\/miraserra.org.br\/index.php\/wp-json\/wp\/v2\/users\/1"}],"replies":[{"embeddable":true,"href":"https:\/\/miraserra.org.br\/index.php\/wp-json\/wp\/v2\/comments?post=2522"}],"version-history":[{"count":1,"href":"https:\/\/miraserra.org.br\/index.php\/wp-json\/wp\/v2\/posts\/2522\/revisions"}],"predecessor-version":[{"id":2525,"href":"https:\/\/miraserra.org.br\/index.php\/wp-json\/wp\/v2\/posts\/2522\/revisions\/2525"}],"wp:featuredmedia":[{"embeddable":true,"href":"https:\/\/miraserra.org.br\/index.php\/wp-json\/wp\/v2\/media\/2523"}],"wp:attachment":[{"href":"https:\/\/miraserra.org.br\/index.php\/wp-json\/wp\/v2\/media?parent=2522"}],"wp:term":[{"taxonomy":"category","embeddable":true,"href":"https:\/\/miraserra.org.br\/index.php\/wp-json\/wp\/v2\/categories?post=2522"},{"taxonomy":"post_tag","embeddable":true,"href":"https:\/\/miraserra.org.br\/index.php\/wp-json\/wp\/v2\/tags?post=2522"}],"curies":[{"name":"wp","href":"https:\/\/api.w.org\/{rel}","templated":true}]}}