{"id":2536,"date":"2020-06-03T21:06:14","date_gmt":"2020-06-04T00:06:14","guid":{"rendered":"http:\/\/miraserra.org.br\/?p=2536"},"modified":"2020-06-21T16:07:25","modified_gmt":"2020-06-21T19:07:25","slug":"uva-do-japao-na-ct-bio","status":"publish","type":"post","link":"https:\/\/miraserra.org.br\/index.php\/2020\/06\/03\/uva-do-japao-na-ct-bio\/","title":{"rendered":"UVA-DO-JAP\u00c3O NA CT Bio"},"content":{"rendered":"\n<p style=\"text-align:center\">Reuni\u00e3o da C\u00e2mara T\u00e9cnica de Biodiversidade\/CONSEMA,  obteve consenso para proposta de recomenda\u00e7\u00e3o relativa \u00e0 erradica\u00e7\u00e3o da Uva-do-Jap\u00e3o na suinocultura e em avi\u00e1rios . <\/p>\n\n\n\n<p>A MIRA-SERRA defendeu veementemente a inclus\u00e3o de uma etapa intermedi\u00e1ria no trabalho da supress\u00e3o da ex\u00f3tica, como uma salvaguarda. <\/p>\n\n\n\n<figure class=\"wp-block-image\"><img loading=\"lazy\" decoding=\"async\" width=\"960\" height=\"720\" src=\"http:\/\/miraserra.org.br\/wp-content\/uploads\/2020\/06\/101962515_3563239527023510_5820689838695007469_n-1.jpg\" alt=\"\" class=\"wp-image-2537\" srcset=\"https:\/\/miraserra.org.br\/wp-content\/uploads\/2020\/06\/101962515_3563239527023510_5820689838695007469_n-1.jpg 960w, https:\/\/miraserra.org.br\/wp-content\/uploads\/2020\/06\/101962515_3563239527023510_5820689838695007469_n-1-300x225.jpg 300w, https:\/\/miraserra.org.br\/wp-content\/uploads\/2020\/06\/101962515_3563239527023510_5820689838695007469_n-1-768x576.jpg 768w\" sizes=\"auto, (max-width: 960px) 100vw, 960px\" \/><\/figure>\n","protected":false},"excerpt":{"rendered":"<p>Reuni\u00e3o da C\u00e2mara T\u00e9cnica de Biodiversidade\/CONSEMA, obteve consenso para proposta de recomenda\u00e7\u00e3o relativa \u00e0 erradica\u00e7\u00e3o da Uva-do-Jap\u00e3o na suinocultura e<\/p>\n","protected":false},"author":1,"featured_media":2537,"comment_status":"closed","ping_status":"closed","sticky":false,"template":"","format":"standard","meta":{"colormag_page_container_layout":"default_layout","colormag_page_sidebar_layout":"default_layout","_themeisle_gutenberg_block_has_review":false,"footnotes":""},"categories":[55,58,94],"tags":[193,230],"class_list":["post-2536","post","type-post","status-publish","format-standard","has-post-thumbnail","hentry","category-colegiados","category-consema-rs","category-ctp-de-biodiversidade","tag-especies-exoticas-invasoras","tag-uva-do-japao"],"_links":{"self":[{"href":"https:\/\/miraserra.org.br\/index.php\/wp-json\/wp\/v2\/posts\/2536","targetHints":{"allow":["GET"]}}],"collection":[{"href":"https:\/\/miraserra.org.br\/index.php\/wp-json\/wp\/v2\/posts"}],"about":[{"href":"https:\/\/miraserra.org.br\/index.php\/wp-json\/wp\/v2\/types\/post"}],"author":[{"embeddable":true,"href":"https:\/\/miraserra.org.br\/index.php\/wp-json\/wp\/v2\/users\/1"}],"replies":[{"embeddable":true,"href":"https:\/\/miraserra.org.br\/index.php\/wp-json\/wp\/v2\/comments?post=2536"}],"version-history":[{"count":1,"href":"https:\/\/miraserra.org.br\/index.php\/wp-json\/wp\/v2\/posts\/2536\/revisions"}],"predecessor-version":[{"id":2538,"href":"https:\/\/miraserra.org.br\/index.php\/wp-json\/wp\/v2\/posts\/2536\/revisions\/2538"}],"wp:featuredmedia":[{"embeddable":true,"href":"https:\/\/miraserra.org.br\/index.php\/wp-json\/wp\/v2\/media\/2537"}],"wp:attachment":[{"href":"https:\/\/miraserra.org.br\/index.php\/wp-json\/wp\/v2\/media?parent=2536"}],"wp:term":[{"taxonomy":"category","embeddable":true,"href":"https:\/\/miraserra.org.br\/index.php\/wp-json\/wp\/v2\/categories?post=2536"},{"taxonomy":"post_tag","embeddable":true,"href":"https:\/\/miraserra.org.br\/index.php\/wp-json\/wp\/v2\/tags?post=2536"}],"curies":[{"name":"wp","href":"https:\/\/api.w.org\/{rel}","templated":true}]}}