{"id":2562,"date":"2020-06-16T20:57:11","date_gmt":"2020-06-16T23:57:11","guid":{"rendered":"http:\/\/miraserra.org.br\/?p=2562"},"modified":"2020-06-21T18:38:52","modified_gmt":"2020-06-21T21:38:52","slug":"227a-reuniao-ordinaria-do-consema-rs","status":"publish","type":"post","link":"https:\/\/miraserra.org.br\/index.php\/2020\/06\/16\/227a-reuniao-ordinaria-do-consema-rs\/","title":{"rendered":"227\u00aa Reuni\u00e3o Ordin\u00e1ria do CONSEMA-RS"},"content":{"rendered":"\n<p>Realizada, novamente, atrav\u00e9s de videoconfer\u00eancia, a  reuni\u00e3o ocorrida em 16\/6, teve como destaques de pauta:<br> <strong><br>Julgamento de Recursos Administrativos<\/strong> &#8211; APROVADO, sendo que dois pareceres foram da MIRA-SERRA na CT Assuntos Jur\u00eddicos<br><br><strong>Recomenda\u00e7\u00e3o: Uva do Jap\u00e3o<\/strong><br>APROVADO, com ajustes pontuais<br><em>Veja mais em <\/em> <a href=\"http:\/\/miraserra.org.br\/index.php\/2020\/06\/03\/uva-do-japao-na-ct-bio\/\"><em>http:\/\/miraserra.org.br\/index.php\/2020\/06\/03\/uva-do-japao-na-ct-bio\/<\/em><\/a><em> <\/em><br><strong>*<br>Assuntos Gerais<\/strong> &#8211; a representante da MIRA-SERRA solicitou retorno sobre seus questionamentos na reuni\u00e3o anterior, em<em> <a href=\"http:\/\/miraserra.org.br\/wp-content\/uploads\/2020\/06\/Item-01-de-pauta-ATA-228\u00aa-Reuni\u00e3o-Ordin\u00e1ria-do-CONSEMA-14.05.2020.pdf\">&#8220;Assuntos Gerais&#8221;<\/a><\/em> (ainda sem respostas conclusivas) e esclarecimentos e transpar\u00eancia sobre reuni\u00f5es tratando de altera\u00e7\u00f5es na Resolu\u00e7\u00e3o do Zoneamento Ecol\u00f3gico-Econ\u00f4mico da Silvicultura (com respostas de conselheiros da CT Agropecu\u00e1ria e Agroind\u00fastria).<\/p>\n\n\n\n<figure class=\"wp-block-image\"><img loading=\"lazy\" decoding=\"async\" width=\"935\" height=\"770\" src=\"http:\/\/miraserra.org.br\/wp-content\/uploads\/2020\/06\/83990280_563594160992675_5908956984760364956_n.jpg\" alt=\"\" class=\"wp-image-2563\" srcset=\"https:\/\/miraserra.org.br\/wp-content\/uploads\/2020\/06\/83990280_563594160992675_5908956984760364956_n.jpg 935w, https:\/\/miraserra.org.br\/wp-content\/uploads\/2020\/06\/83990280_563594160992675_5908956984760364956_n-300x247.jpg 300w, https:\/\/miraserra.org.br\/wp-content\/uploads\/2020\/06\/83990280_563594160992675_5908956984760364956_n-768x632.jpg 768w\" sizes=\"auto, (max-width: 935px) 100vw, 935px\" \/><\/figure>\n\n\n\n<p>*<br><\/p>\n","protected":false},"excerpt":{"rendered":"<p>Realizada, novamente, atrav\u00e9s de videoconfer\u00eancia, a reuni\u00e3o ocorrida em 16\/6, teve como destaques de pauta: Julgamento de Recursos Administrativos &#8211;<\/p>\n","protected":false},"author":1,"featured_media":2563,"comment_status":"closed","ping_status":"closed","sticky":false,"template":"","format":"standard","meta":{"colormag_page_container_layout":"default_layout","colormag_page_sidebar_layout":"default_layout","_themeisle_gutenberg_block_has_review":false,"footnotes":""},"categories":[55,58],"tags":[148,243,230],"class_list":["post-2562","post","type-post","status-publish","format-standard","has-post-thumbnail","hentry","category-colegiados","category-consema-rs","tag-juridico","tag-silvicultura","tag-uva-do-japao"],"_links":{"self":[{"href":"https:\/\/miraserra.org.br\/index.php\/wp-json\/wp\/v2\/posts\/2562","targetHints":{"allow":["GET"]}}],"collection":[{"href":"https:\/\/miraserra.org.br\/index.php\/wp-json\/wp\/v2\/posts"}],"about":[{"href":"https:\/\/miraserra.org.br\/index.php\/wp-json\/wp\/v2\/types\/post"}],"author":[{"embeddable":true,"href":"https:\/\/miraserra.org.br\/index.php\/wp-json\/wp\/v2\/users\/1"}],"replies":[{"embeddable":true,"href":"https:\/\/miraserra.org.br\/index.php\/wp-json\/wp\/v2\/comments?post=2562"}],"version-history":[{"count":4,"href":"https:\/\/miraserra.org.br\/index.php\/wp-json\/wp\/v2\/posts\/2562\/revisions"}],"predecessor-version":[{"id":2572,"href":"https:\/\/miraserra.org.br\/index.php\/wp-json\/wp\/v2\/posts\/2562\/revisions\/2572"}],"wp:featuredmedia":[{"embeddable":true,"href":"https:\/\/miraserra.org.br\/index.php\/wp-json\/wp\/v2\/media\/2563"}],"wp:attachment":[{"href":"https:\/\/miraserra.org.br\/index.php\/wp-json\/wp\/v2\/media?parent=2562"}],"wp:term":[{"taxonomy":"category","embeddable":true,"href":"https:\/\/miraserra.org.br\/index.php\/wp-json\/wp\/v2\/categories?post=2562"},{"taxonomy":"post_tag","embeddable":true,"href":"https:\/\/miraserra.org.br\/index.php\/wp-json\/wp\/v2\/tags?post=2562"}],"curies":[{"name":"wp","href":"https:\/\/api.w.org\/{rel}","templated":true}]}}