{"id":2566,"date":"2020-06-18T23:09:03","date_gmt":"2020-06-19T02:09:03","guid":{"rendered":"http:\/\/miraserra.org.br\/?p=2566"},"modified":"2020-06-21T18:42:58","modified_gmt":"2020-06-21T21:42:58","slug":"apedema-rs-em-reunioes-semanais","status":"publish","type":"post","link":"https:\/\/miraserra.org.br\/index.php\/2020\/06\/18\/apedema-rs-em-reunioes-semanais\/","title":{"rendered":"APEDeMA-RS em reuni\u00f5es semanais"},"content":{"rendered":"\n<p class=\"has-background has-light-green-cyan-background-color\">Com a pandemia pelo novo Coronav\u00edrus,  a <a href=\"https:\/\/apedemars.wordpress.com\/\">APEDeMA-RS<\/a>   iniciou nova etapa com reuni\u00f5es virtuais.<\/p>\n\n\n\n<p class=\"has-background has-light-green-cyan-background-color\">A crescente a demanda por a\u00e7\u00f5es contra a degrada\u00e7\u00e3o ambiental, ensejou encontros semanais (quintas-feiras, \u00e0s 19h30min) das lideran\u00e7as ga\u00fachas.<\/p>\n\n\n\n<p style=\"text-align:center\"><strong>Foram relatadas as participa\u00e7\u00f5es no CONSEMA-RS e no COMAM (Porto Alegre), bem como informa\u00e7\u00f5es sobre o pleito eleitoral para a coordena\u00e7\u00e3o tripartite, prepara\u00e7\u00e3o da reuni\u00e3o de elei\u00e7\u00e3o, novas a\u00e7\u00f5es coletivas, etc.<\/strong><\/p>\n\n\n\n<figure class=\"wp-block-image\"><img loading=\"lazy\" decoding=\"async\" width=\"945\" height=\"504\" src=\"http:\/\/miraserra.org.br\/wp-content\/uploads\/2020\/06\/104738315_205183893979947_430041435573834125_n-1.jpg\" alt=\"\" class=\"wp-image-2567\" srcset=\"https:\/\/miraserra.org.br\/wp-content\/uploads\/2020\/06\/104738315_205183893979947_430041435573834125_n-1.jpg 945w, https:\/\/miraserra.org.br\/wp-content\/uploads\/2020\/06\/104738315_205183893979947_430041435573834125_n-1-300x160.jpg 300w, https:\/\/miraserra.org.br\/wp-content\/uploads\/2020\/06\/104738315_205183893979947_430041435573834125_n-1-768x410.jpg 768w\" sizes=\"auto, (max-width: 945px) 100vw, 945px\" \/><\/figure>\n","protected":false},"excerpt":{"rendered":"<p>Com a pandemia pelo novo Coronav\u00edrus, a APEDeMA-RS iniciou nova etapa com reuni\u00f5es virtuais. A crescente a demanda por a\u00e7\u00f5es<\/p>\n","protected":false},"author":1,"featured_media":2567,"comment_status":"closed","ping_status":"closed","sticky":false,"template":"","format":"standard","meta":{"colormag_page_container_layout":"default_layout","colormag_page_sidebar_layout":"default_layout","_themeisle_gutenberg_block_has_review":false,"footnotes":""},"categories":[60],"tags":[177],"class_list":["post-2566","post","type-post","status-publish","format-standard","has-post-thumbnail","hentry","category-principais","tag-apedema-rs"],"_links":{"self":[{"href":"https:\/\/miraserra.org.br\/index.php\/wp-json\/wp\/v2\/posts\/2566","targetHints":{"allow":["GET"]}}],"collection":[{"href":"https:\/\/miraserra.org.br\/index.php\/wp-json\/wp\/v2\/posts"}],"about":[{"href":"https:\/\/miraserra.org.br\/index.php\/wp-json\/wp\/v2\/types\/post"}],"author":[{"embeddable":true,"href":"https:\/\/miraserra.org.br\/index.php\/wp-json\/wp\/v2\/users\/1"}],"replies":[{"embeddable":true,"href":"https:\/\/miraserra.org.br\/index.php\/wp-json\/wp\/v2\/comments?post=2566"}],"version-history":[{"count":2,"href":"https:\/\/miraserra.org.br\/index.php\/wp-json\/wp\/v2\/posts\/2566\/revisions"}],"predecessor-version":[{"id":2573,"href":"https:\/\/miraserra.org.br\/index.php\/wp-json\/wp\/v2\/posts\/2566\/revisions\/2573"}],"wp:featuredmedia":[{"embeddable":true,"href":"https:\/\/miraserra.org.br\/index.php\/wp-json\/wp\/v2\/media\/2567"}],"wp:attachment":[{"href":"https:\/\/miraserra.org.br\/index.php\/wp-json\/wp\/v2\/media?parent=2566"}],"wp:term":[{"taxonomy":"category","embeddable":true,"href":"https:\/\/miraserra.org.br\/index.php\/wp-json\/wp\/v2\/categories?post=2566"},{"taxonomy":"post_tag","embeddable":true,"href":"https:\/\/miraserra.org.br\/index.php\/wp-json\/wp\/v2\/tags?post=2566"}],"curies":[{"name":"wp","href":"https:\/\/api.w.org\/{rel}","templated":true}]}}