{"id":2603,"date":"2020-07-05T18:16:55","date_gmt":"2020-07-05T21:16:55","guid":{"rendered":"http:\/\/miraserra.org.br\/?p=2603"},"modified":"2020-07-05T18:16:56","modified_gmt":"2020-07-05T21:16:56","slug":"mais-uma-semana-intensa","status":"publish","type":"post","link":"https:\/\/miraserra.org.br\/index.php\/2020\/07\/05\/mais-uma-semana-intensa\/","title":{"rendered":"Mais uma semana intensa!"},"content":{"rendered":"\n<p class=\"has-background has-luminous-vivid-amber-background-color\">Para o Instituto MIRA-SERRA, a primeira semana de julho\/ 2020 n\u00e3o se diferenciou das demais&#8230;os ataques ao ambiente natural se intensificaram, sem sequer respeitar a crise causada pela pandemia (COVID-19).<\/p>\n\n\n\n<p style=\"text-align:center\"><strong>Estivemos deliberando em reuni\u00f5es, tais como:<br>&#8211; Junta Superior de Julgamento de Multas, <br>&#8211; Comiss\u00e3o de Assessoramento Permanente do Comit\u00ea de B.H. do Rio Ca\u00ed,<br>&#8211; Lideran\u00e7as da APEDeMA-RS, <br>&#8211; Lideran\u00e7as da Rede de ONGs da Mata Atl\u00e2ntica,  bem como<br>&#8211; de equipes internas da MIRA-SERRA<\/strong><\/p>\n\n\n\n<ul class=\"wp-block-gallery columns-3 is-cropped wp-block-gallery-1 is-layout-flex wp-block-gallery-is-layout-flex\"><li class=\"blocks-gallery-item\"><figure><img loading=\"lazy\" decoding=\"async\" width=\"960\" height=\"660\" src=\"http:\/\/miraserra.org.br\/wp-content\/uploads\/2020\/07\/106783394_3625020154178780_1052127811135917932_n.jpg\" alt=\"\" data-id=\"2604\" data-link=\"http:\/\/miraserra.org.br\/?attachment_id=2604\" class=\"wp-image-2604\" srcset=\"https:\/\/miraserra.org.br\/wp-content\/uploads\/2020\/07\/106783394_3625020154178780_1052127811135917932_n.jpg 960w, https:\/\/miraserra.org.br\/wp-content\/uploads\/2020\/07\/106783394_3625020154178780_1052127811135917932_n-300x206.jpg 300w, https:\/\/miraserra.org.br\/wp-content\/uploads\/2020\/07\/106783394_3625020154178780_1052127811135917932_n-768x528.jpg 768w, https:\/\/miraserra.org.br\/wp-content\/uploads\/2020\/07\/106783394_3625020154178780_1052127811135917932_n-130x90.jpg 130w\" sizes=\"auto, (max-width: 960px) 100vw, 960px\" \/><\/figure><\/li><li class=\"blocks-gallery-item\"><figure><img loading=\"lazy\" decoding=\"async\" width=\"960\" height=\"772\" src=\"http:\/\/miraserra.org.br\/wp-content\/uploads\/2020\/07\/106560377_3625020087512120_2007676370646663247_n.jpg\" alt=\"\" data-id=\"2605\" data-link=\"http:\/\/miraserra.org.br\/?attachment_id=2605\" class=\"wp-image-2605\" srcset=\"https:\/\/miraserra.org.br\/wp-content\/uploads\/2020\/07\/106560377_3625020087512120_2007676370646663247_n.jpg 960w, https:\/\/miraserra.org.br\/wp-content\/uploads\/2020\/07\/106560377_3625020087512120_2007676370646663247_n-300x241.jpg 300w, https:\/\/miraserra.org.br\/wp-content\/uploads\/2020\/07\/106560377_3625020087512120_2007676370646663247_n-768x618.jpg 768w\" sizes=\"auto, (max-width: 960px) 100vw, 960px\" \/><\/figure><\/li><li class=\"blocks-gallery-item\"><figure><img loading=\"lazy\" decoding=\"async\" width=\"1024\" height=\"515\" src=\"http:\/\/miraserra.org.br\/wp-content\/uploads\/2020\/07\/Captura-de-Tela-15-1024x515.png\" alt=\"\" data-id=\"2606\" data-link=\"http:\/\/miraserra.org.br\/?attachment_id=2606\" class=\"wp-image-2606\" srcset=\"https:\/\/miraserra.org.br\/wp-content\/uploads\/2020\/07\/Captura-de-Tela-15-1024x515.png 1024w, https:\/\/miraserra.org.br\/wp-content\/uploads\/2020\/07\/Captura-de-Tela-15-300x151.png 300w, https:\/\/miraserra.org.br\/wp-content\/uploads\/2020\/07\/Captura-de-Tela-15-768x387.png 768w, https:\/\/miraserra.org.br\/wp-content\/uploads\/2020\/07\/Captura-de-Tela-15.png 1037w\" sizes=\"auto, (max-width: 1024px) 100vw, 1024px\" \/><\/figure><\/li><li class=\"blocks-gallery-item\"><figure><img loading=\"lazy\" decoding=\"async\" width=\"1024\" height=\"576\" src=\"http:\/\/miraserra.org.br\/wp-content\/uploads\/2020\/07\/Captura-de-Tela-18-1024x576.png\" alt=\"\" data-id=\"2608\" data-link=\"http:\/\/miraserra.org.br\/?attachment_id=2608\" class=\"wp-image-2608\" srcset=\"https:\/\/miraserra.org.br\/wp-content\/uploads\/2020\/07\/Captura-de-Tela-18-1024x576.png 1024w, https:\/\/miraserra.org.br\/wp-content\/uploads\/2020\/07\/Captura-de-Tela-18-300x169.png 300w, https:\/\/miraserra.org.br\/wp-content\/uploads\/2020\/07\/Captura-de-Tela-18-768x432.png 768w, https:\/\/miraserra.org.br\/wp-content\/uploads\/2020\/07\/Captura-de-Tela-18.png 1366w\" sizes=\"auto, (max-width: 1024px) 100vw, 1024px\" \/><\/figure><\/li><\/ul>\n\n\n\n<p style=\"text-align:center\" class=\"has-background has-luminous-vivid-amber-background-color\">Apesar das intemp\u00e9ries, realizamos a terceira coleta de \u00e1gua em nascente urbana, em Alto Feliz, para an\u00e1lises laboratoriais. <br>Todos em voluntariado&#8230;como sempre! <\/p>\n\n\n\n<ul class=\"wp-block-gallery columns-1 is-cropped wp-block-gallery-2 is-layout-flex wp-block-gallery-is-layout-flex\"><li class=\"blocks-gallery-item\"><figure><img loading=\"lazy\" decoding=\"async\" width=\"821\" height=\"587\" src=\"http:\/\/miraserra.org.br\/wp-content\/uploads\/2020\/07\/106206837_3625020034178792_8676708320652377631_n.jpg\" alt=\"\" data-id=\"2609\" data-link=\"http:\/\/miraserra.org.br\/?attachment_id=2609\" class=\"wp-image-2609\" srcset=\"https:\/\/miraserra.org.br\/wp-content\/uploads\/2020\/07\/106206837_3625020034178792_8676708320652377631_n.jpg 821w, https:\/\/miraserra.org.br\/wp-content\/uploads\/2020\/07\/106206837_3625020034178792_8676708320652377631_n-300x214.jpg 300w, https:\/\/miraserra.org.br\/wp-content\/uploads\/2020\/07\/106206837_3625020034178792_8676708320652377631_n-768x549.jpg 768w\" sizes=\"auto, (max-width: 821px) 100vw, 821px\" \/><\/figure><\/li><\/ul>\n","protected":false},"excerpt":{"rendered":"<p>Para o Instituto MIRA-SERRA, a primeira semana de julho\/ 2020 n\u00e3o se diferenciou das demais&#8230;os ataques ao ambiente natural se<\/p>\n","protected":false},"author":1,"featured_media":2608,"comment_status":"closed","ping_status":"closed","sticky":false,"template":"","format":"standard","meta":{"colormag_page_container_layout":"default_layout","colormag_page_sidebar_layout":"default_layout","_themeisle_gutenberg_block_has_review":false,"footnotes":""},"categories":[59,26,37,33],"tags":[202,177,223,250,251,179],"class_list":["post-2603","post","type-post","status-publish","format-standard","has-post-thumbnail","hentry","category-comites-de-bacia-hidrografica","category-eventos","category-mata-atlantica","category-rma","tag-alto-feliz","tag-apedema-rs","tag-comite-cai","tag-lideranca","tag-ong","tag-rma"],"_links":{"self":[{"href":"https:\/\/miraserra.org.br\/index.php\/wp-json\/wp\/v2\/posts\/2603","targetHints":{"allow":["GET"]}}],"collection":[{"href":"https:\/\/miraserra.org.br\/index.php\/wp-json\/wp\/v2\/posts"}],"about":[{"href":"https:\/\/miraserra.org.br\/index.php\/wp-json\/wp\/v2\/types\/post"}],"author":[{"embeddable":true,"href":"https:\/\/miraserra.org.br\/index.php\/wp-json\/wp\/v2\/users\/1"}],"replies":[{"embeddable":true,"href":"https:\/\/miraserra.org.br\/index.php\/wp-json\/wp\/v2\/comments?post=2603"}],"version-history":[{"count":1,"href":"https:\/\/miraserra.org.br\/index.php\/wp-json\/wp\/v2\/posts\/2603\/revisions"}],"predecessor-version":[{"id":2610,"href":"https:\/\/miraserra.org.br\/index.php\/wp-json\/wp\/v2\/posts\/2603\/revisions\/2610"}],"wp:featuredmedia":[{"embeddable":true,"href":"https:\/\/miraserra.org.br\/index.php\/wp-json\/wp\/v2\/media\/2608"}],"wp:attachment":[{"href":"https:\/\/miraserra.org.br\/index.php\/wp-json\/wp\/v2\/media?parent=2603"}],"wp:term":[{"taxonomy":"category","embeddable":true,"href":"https:\/\/miraserra.org.br\/index.php\/wp-json\/wp\/v2\/categories?post=2603"},{"taxonomy":"post_tag","embeddable":true,"href":"https:\/\/miraserra.org.br\/index.php\/wp-json\/wp\/v2\/tags?post=2603"}],"curies":[{"name":"wp","href":"https:\/\/api.w.org\/{rel}","templated":true}]}}