{"id":2665,"date":"2020-07-09T22:10:49","date_gmt":"2020-07-10T01:10:49","guid":{"rendered":"http:\/\/miraserra.org.br\/?p=2665"},"modified":"2020-07-12T15:59:36","modified_gmt":"2020-07-12T18:59:36","slug":"reuniao-relampago-no-consema","status":"publish","type":"post","link":"https:\/\/miraserra.org.br\/index.php\/2020\/07\/09\/reuniao-relampago-no-consema\/","title":{"rendered":"Reuni\u00e3o &#8220;rel\u00e2mpago&#8221; no CONSEMA"},"content":{"rendered":"\n<p>A reuni\u00e3o do Conselho Estadual de Meio Ambiente (CONSEMA-RS), realizada na quinta-feira (9\/7\/2020) durou menos de meia hora. A pauta ficou reduzida \u00e0 aprova\u00e7\u00e3o de pareceres da C\u00e2mara T\u00e9cnica de Assuntos Jur\u00eddicos e aos &#8220;Assuntos Gerais&#8221;.<\/p>\n\n\n\n<p>Em &#8220;Assuntos Gerais&#8221;, o presidente do colegiado, Paulo Pereira, atendeu  demanda do Instituto MIRA-SERRA (solicitada na plen\u00e1ria de maio) sobre posicionamento do RS \u00e0 recomenda\u00e7\u00e3o do MPE. <br>O foco era o despacho do ministro Salles, que definia o C\u00f3digo Florestal prevalecendo sobre a Lei da Mata Atl\u00e2ntica no que tange \u00e0s \u00c1reas de Preserva\u00e7\u00e3o Permanente.<br>Portanto, a MIRA-SERRA &#8211; que teve sua demanda apensada naquele processo do MPE,  pediu conhecimento e compartilhamento da resposta e da recomenda\u00e7\u00e3o.<\/p>\n\n\n\n<p class=\"has-text-color has-background has-text-align-center has-very-dark-gray-color has-light-green-cyan-background-color\"><strong>Dentro do tema, a presidente da MIRA-SERRA, relatou que a entidade tem recebido muitas den\u00fancias sobre desmatamentos em v\u00e1rios munic\u00edpios. No RS, segunda ela, a supress\u00e3o ilegal da vegeta\u00e7\u00e3o nativa teria sido reduzida em fun\u00e7\u00e3o de discut\u00edveis autoriza\u00e7\u00f5es e licen\u00e7as ambientais, combinadas aos planos diretores omissos e\/ou defasados. Dado  que o Estado delegou compet\u00eancia aos Munic\u00edpios conveniados para a interven\u00e7\u00e3o em Mata Atl\u00e2ntica e ecossistemas associados, ela solicitou que a SEMA apresente a sua estrat\u00e9gia de fiscaliza\u00e7\u00e3o\/monitoramento do respectivo conv\u00eanio. O presidente do CONSEMA-RS concordou e pautou o tema para a pr\u00f3xima reuni\u00e3o.<\/strong><\/p>\n\n\n\n<figure class=\"wp-block-image size-large\"><img loading=\"lazy\" decoding=\"async\" width=\"1024\" height=\"576\" src=\"http:\/\/miraserra.org.br\/wp-content\/uploads\/2020\/07\/Captura-de-Tela-59-1024x576.png\" alt=\"\" class=\"wp-image-2666\" srcset=\"https:\/\/miraserra.org.br\/wp-content\/uploads\/2020\/07\/Captura-de-Tela-59-1024x576.png 1024w, https:\/\/miraserra.org.br\/wp-content\/uploads\/2020\/07\/Captura-de-Tela-59-300x169.png 300w, https:\/\/miraserra.org.br\/wp-content\/uploads\/2020\/07\/Captura-de-Tela-59-768x432.png 768w, https:\/\/miraserra.org.br\/wp-content\/uploads\/2020\/07\/Captura-de-Tela-59.png 1366w\" sizes=\"auto, (max-width: 1024px) 100vw, 1024px\" \/><\/figure>\n","protected":false},"excerpt":{"rendered":"<p>A reuni\u00e3o do Conselho Estadual de Meio Ambiente (CONSEMA-RS), realizada na quinta-feira (9\/7\/2020) durou menos de meia hora. A pauta<\/p>\n","protected":false},"author":1,"featured_media":2667,"comment_status":"closed","ping_status":"closed","sticky":false,"template":"","format":"standard","meta":{"colormag_page_container_layout":"default_layout","colormag_page_sidebar_layout":"default_layout","_themeisle_gutenberg_block_has_review":false,"footnotes":""},"categories":[55,58,37],"tags":[149,252,163],"class_list":["post-2665","post","type-post","status-publish","format-standard","has-post-thumbnail","hentry","category-colegiados","category-consema-rs","category-mata-atlantica","tag-consema","tag-convenio-mata-atlantica","tag-mata-atlantica"],"_links":{"self":[{"href":"https:\/\/miraserra.org.br\/index.php\/wp-json\/wp\/v2\/posts\/2665","targetHints":{"allow":["GET"]}}],"collection":[{"href":"https:\/\/miraserra.org.br\/index.php\/wp-json\/wp\/v2\/posts"}],"about":[{"href":"https:\/\/miraserra.org.br\/index.php\/wp-json\/wp\/v2\/types\/post"}],"author":[{"embeddable":true,"href":"https:\/\/miraserra.org.br\/index.php\/wp-json\/wp\/v2\/users\/1"}],"replies":[{"embeddable":true,"href":"https:\/\/miraserra.org.br\/index.php\/wp-json\/wp\/v2\/comments?post=2665"}],"version-history":[{"count":1,"href":"https:\/\/miraserra.org.br\/index.php\/wp-json\/wp\/v2\/posts\/2665\/revisions"}],"predecessor-version":[{"id":2668,"href":"https:\/\/miraserra.org.br\/index.php\/wp-json\/wp\/v2\/posts\/2665\/revisions\/2668"}],"wp:featuredmedia":[{"embeddable":true,"href":"https:\/\/miraserra.org.br\/index.php\/wp-json\/wp\/v2\/media\/2667"}],"wp:attachment":[{"href":"https:\/\/miraserra.org.br\/index.php\/wp-json\/wp\/v2\/media?parent=2665"}],"wp:term":[{"taxonomy":"category","embeddable":true,"href":"https:\/\/miraserra.org.br\/index.php\/wp-json\/wp\/v2\/categories?post=2665"},{"taxonomy":"post_tag","embeddable":true,"href":"https:\/\/miraserra.org.br\/index.php\/wp-json\/wp\/v2\/tags?post=2665"}],"curies":[{"name":"wp","href":"https:\/\/api.w.org\/{rel}","templated":true}]}}