{"id":2674,"date":"2020-07-10T23:46:57","date_gmt":"2020-07-11T02:46:57","guid":{"rendered":"http:\/\/miraserra.org.br\/?p=2674"},"modified":"2020-07-12T19:47:24","modified_gmt":"2020-07-12T22:47:24","slug":"capacitacao-pelo-pacto-da-mata-atlantica","status":"publish","type":"post","link":"https:\/\/miraserra.org.br\/index.php\/2020\/07\/10\/capacitacao-pelo-pacto-da-mata-atlantica\/","title":{"rendered":"Capacita\u00e7\u00e3o pelo PACTO DA MATA ATL\u00c2NTICA"},"content":{"rendered":"\n<p>A MIRA-SERRA est\u00e1 representando o Conselho de Coordena\u00e7\u00e3o da Rede de ONGs da Mata Atl\u00e2ntica (RMA) nas oficinas de &#8220;Capacita\u00e7\u00e3o em Reuni\u00f5es Online&#8221; do PACTO MATA ATL\u00c2NTICA<\/p>\n\n\n\n<p>Na sexta-feira (10\/7\/2020) foi realizada a primeira oficina com dura\u00e7\u00e3o de quatro horas. As outras duas ocorrer\u00e3o nas pr\u00f3ximas sextas-feiras.<\/p>\n\n\n\n<p>A vaga surgiu em decorr\u00eancia da atual representante da RMA, no Conselho do PACTO, j\u00e1 ter participado da capacita\u00e7\u00e3o em edi\u00e7\u00e3o anterior.<\/p>\n\n\n\n<p>As oficinas oferecem conte\u00fado te\u00f3rico e pr\u00e1tico, auxiliando na conhecimento e uso de ferramentas da tecnologia para redes sociais.<\/p>\n\n\n\n<figure class=\"wp-block-image size-large\"><img loading=\"lazy\" decoding=\"async\" width=\"937\" height=\"685\" src=\"http:\/\/miraserra.org.br\/wp-content\/uploads\/2020\/07\/108120001_1003196490138312_3058866536225507029_n-1.jpg\" alt=\"\" class=\"wp-image-2675\" srcset=\"https:\/\/miraserra.org.br\/wp-content\/uploads\/2020\/07\/108120001_1003196490138312_3058866536225507029_n-1.jpg 937w, https:\/\/miraserra.org.br\/wp-content\/uploads\/2020\/07\/108120001_1003196490138312_3058866536225507029_n-1-300x219.jpg 300w, https:\/\/miraserra.org.br\/wp-content\/uploads\/2020\/07\/108120001_1003196490138312_3058866536225507029_n-1-768x561.jpg 768w\" sizes=\"auto, (max-width: 937px) 100vw, 937px\" \/><\/figure>\n","protected":false},"excerpt":{"rendered":"<p>A MIRA-SERRA est\u00e1 representando o Conselho de Coordena\u00e7\u00e3o da Rede de ONGs da Mata Atl\u00e2ntica (RMA) nas oficinas de &#8220;Capacita\u00e7\u00e3o<\/p>\n","protected":false},"author":1,"featured_media":2675,"comment_status":"closed","ping_status":"closed","sticky":false,"template":"","format":"standard","meta":{"colormag_page_container_layout":"default_layout","colormag_page_sidebar_layout":"default_layout","_themeisle_gutenberg_block_has_review":false,"footnotes":""},"categories":[37,73],"tags":[163,256,179],"class_list":["post-2674","post","type-post","status-publish","format-standard","has-post-thumbnail","hentry","category-mata-atlantica","category-noticias","tag-mata-atlantica","tag-pacto-mata-atlantica","tag-rma"],"_links":{"self":[{"href":"https:\/\/miraserra.org.br\/index.php\/wp-json\/wp\/v2\/posts\/2674","targetHints":{"allow":["GET"]}}],"collection":[{"href":"https:\/\/miraserra.org.br\/index.php\/wp-json\/wp\/v2\/posts"}],"about":[{"href":"https:\/\/miraserra.org.br\/index.php\/wp-json\/wp\/v2\/types\/post"}],"author":[{"embeddable":true,"href":"https:\/\/miraserra.org.br\/index.php\/wp-json\/wp\/v2\/users\/1"}],"replies":[{"embeddable":true,"href":"https:\/\/miraserra.org.br\/index.php\/wp-json\/wp\/v2\/comments?post=2674"}],"version-history":[{"count":1,"href":"https:\/\/miraserra.org.br\/index.php\/wp-json\/wp\/v2\/posts\/2674\/revisions"}],"predecessor-version":[{"id":2676,"href":"https:\/\/miraserra.org.br\/index.php\/wp-json\/wp\/v2\/posts\/2674\/revisions\/2676"}],"wp:featuredmedia":[{"embeddable":true,"href":"https:\/\/miraserra.org.br\/index.php\/wp-json\/wp\/v2\/media\/2675"}],"wp:attachment":[{"href":"https:\/\/miraserra.org.br\/index.php\/wp-json\/wp\/v2\/media?parent=2674"}],"wp:term":[{"taxonomy":"category","embeddable":true,"href":"https:\/\/miraserra.org.br\/index.php\/wp-json\/wp\/v2\/categories?post=2674"},{"taxonomy":"post_tag","embeddable":true,"href":"https:\/\/miraserra.org.br\/index.php\/wp-json\/wp\/v2\/tags?post=2674"}],"curies":[{"name":"wp","href":"https:\/\/api.w.org\/{rel}","templated":true}]}}