{"id":2678,"date":"2020-07-14T18:30:13","date_gmt":"2020-07-14T21:30:13","guid":{"rendered":"http:\/\/miraserra.org.br\/?p=2678"},"modified":"2020-08-10T18:04:32","modified_gmt":"2020-08-10T21:04:32","slug":"mira-serra-questiona-plano-diretor-no-comite-do-rio-cai","status":"publish","type":"post","link":"https:\/\/miraserra.org.br\/index.php\/2020\/07\/14\/mira-serra-questiona-plano-diretor-no-comite-do-rio-cai\/","title":{"rendered":"MIRA-SERRA discute Plano Diretor no Comit\u00ea do rio Ca\u00ed"},"content":{"rendered":"\n<p class=\"has-text-color has-background has-very-dark-gray-color has-pale-cyan-blue-background-color\"><strong>Pauta solicitada pela MIRA-SERRA, protelada desde o in\u00edcio da pandemia, foi tema da reuni\u00e3o do <a href=\"https:\/\/www.facebook.com\/comitecai\">Comit\u00ea de Gerenciamento da Bacia Hidrogr\u00e1fica do Rio Ca\u00ed<\/a> no dia 14\/juho<\/strong><\/p>\n\n\n\n<figure class=\"wp-block-image size-large\"><img loading=\"lazy\" decoding=\"async\" width=\"1024\" height=\"576\" src=\"http:\/\/miraserra.org.br\/wp-content\/uploads\/2020\/07\/Captura-de-Tela-163-1024x576.png\" alt=\"\" class=\"wp-image-2685\" srcset=\"https:\/\/miraserra.org.br\/wp-content\/uploads\/2020\/07\/Captura-de-Tela-163-1024x576.png 1024w, https:\/\/miraserra.org.br\/wp-content\/uploads\/2020\/07\/Captura-de-Tela-163-300x169.png 300w, https:\/\/miraserra.org.br\/wp-content\/uploads\/2020\/07\/Captura-de-Tela-163-768x432.png 768w, https:\/\/miraserra.org.br\/wp-content\/uploads\/2020\/07\/Captura-de-Tela-163.png 1366w\" sizes=\"auto, (max-width: 1024px) 100vw, 1024px\" \/><\/figure>\n\n\n\n<p class=\"has-text-color has-medium-font-size has-vivid-cyan-blue-color\"><a href=\"http:\/\/miraserra.org.br\/index.php\/category\/colegiados\/comites-de-bacia-hidrografica\/\"><strong>Saiba mais sobre a\u00e7\u00f5es da MIRA-SERRA na regi\u00e3o hidrogr\u00e1fica do Ca\u00ed <\/strong><\/a><\/p>\n\n\n\n<p><strong>A ONG, <a href=\"http:\/\/miraserra.org.br\/index.php\/2020\/01\/28\/comite-cai-empossa-novos-conselheiros\/\">que retornou a este colegiado<\/a>, est\u00e1 deveras preocupada com a quantidade de leis e autoriza\u00e7\u00f5es (pass\u00edveis de d\u00favidas t\u00e9cnicas e legais), que impactam o bioma Mata Atl\u00e2ntica em diversos munic\u00edpios do RS, <a href=\"http:\/\/miraserra.org.br\/index.php\/category\/mata-atlantica\/sao-francisco-de-paula\/\">como S\u00e3o Francisco de Paula<\/a>.<\/strong><\/p>\n\n\n\n<p><strong>Deste modo, o Comit\u00ea Ca\u00ed pautou &#8220;Novo Plano Diretor de S\u00e3o Francisco de Paula e sua interface com o Plano de Bacia do Rio Ca\u00ed&#8221;. <\/strong><\/p>\n\n\n\n<p class=\"has-medium-font-size\"><strong> <a href=\"https:\/\/www.facebook.com\/ONGMiraSerra\/posts\/3743677102313084\">ASSISTA O ITEM 4 DA REUNI\u00c3O<\/a>, que tratou do tema.<\/strong><\/p>\n\n\n\n<figure class=\"wp-block-image size-large\"><img loading=\"lazy\" decoding=\"async\" width=\"1024\" height=\"576\" src=\"http:\/\/miraserra.org.br\/wp-content\/uploads\/2020\/07\/Captura-de-Tela-169-1024x576.png\" alt=\"\" class=\"wp-image-2687\" srcset=\"https:\/\/miraserra.org.br\/wp-content\/uploads\/2020\/07\/Captura-de-Tela-169-1024x576.png 1024w, https:\/\/miraserra.org.br\/wp-content\/uploads\/2020\/07\/Captura-de-Tela-169-300x169.png 300w, https:\/\/miraserra.org.br\/wp-content\/uploads\/2020\/07\/Captura-de-Tela-169-768x432.png 768w, https:\/\/miraserra.org.br\/wp-content\/uploads\/2020\/07\/Captura-de-Tela-169.png 1366w\" sizes=\"auto, (max-width: 1024px) 100vw, 1024px\" \/><\/figure>\n\n\n\n<p><strong>A preocupa\u00e7\u00e3o da entidade foi externada em 2019, quando participou da Comiss\u00e3o Parlamentar de Acompanhamento do Plano Diretor de S\u00e3o Francisco de Paula.<\/strong><\/p>\n\n\n\n<p class=\"has-text-color has-background has-very-dark-gray-color has-very-light-gray-background-color\"><strong>VEJA O HIST\u00d3RICO RECENTE:<\/strong><\/p>\n\n\n\n<figure class=\"wp-block-embed-wordpress wp-block-embed is-type-wp-embed is-provider-mira-serra\"><div class=\"wp-block-embed__wrapper\">\n<blockquote class=\"wp-embedded-content\" data-secret=\"UgL4lNLgTQ\"><a href=\"http:\/\/miraserra.org.br\/index.php\/2019\/09\/19\/plano-diretor-de-sao-francisco-de-paula-em-foco\/\">Plano Diretor de S\u00e3o Francisco de Paula em foco<\/a><\/blockquote><iframe loading=\"lazy\" class=\"wp-embedded-content\" sandbox=\"allow-scripts\" security=\"restricted\" style=\"position: absolute; clip: rect(1px, 1px, 1px, 1px);\" title=\"&#8220;Plano Diretor de S\u00e3o Francisco de Paula em foco&#8221; &#8212; Mira-Serra\" src=\"http:\/\/miraserra.org.br\/index.php\/2019\/09\/19\/plano-diretor-de-sao-francisco-de-paula-em-foco\/embed\/#?secret=UgL4lNLgTQ\" data-secret=\"UgL4lNLgTQ\" width=\"600\" height=\"338\" frameborder=\"0\" marginwidth=\"0\" marginheight=\"0\" scrolling=\"no\"><\/iframe>\n<\/div><\/figure>\n\n\n\n<figure class=\"wp-block-embed-wordpress wp-block-embed is-type-wp-embed is-provider-mira-serra\"><div class=\"wp-block-embed__wrapper\">\n<blockquote class=\"wp-embedded-content\" data-secret=\"N2NXn3y0BC\"><a href=\"http:\/\/miraserra.org.br\/index.php\/2019\/10\/28\/plano-diretor-podera-impactar-regiao\/\">Plano Diretor poder\u00e1  impactar regi\u00e3o<\/a><\/blockquote><iframe loading=\"lazy\" class=\"wp-embedded-content\" sandbox=\"allow-scripts\" security=\"restricted\" style=\"position: absolute; clip: rect(1px, 1px, 1px, 1px);\" title=\"&#8220;Plano Diretor poder\u00e1  impactar regi\u00e3o&#8221; &#8212; Mira-Serra\" src=\"http:\/\/miraserra.org.br\/index.php\/2019\/10\/28\/plano-diretor-podera-impactar-regiao\/embed\/#?secret=N2NXn3y0BC\" data-secret=\"N2NXn3y0BC\" width=\"600\" height=\"338\" frameborder=\"0\" marginwidth=\"0\" marginheight=\"0\" scrolling=\"no\"><\/iframe>\n<\/div><\/figure>\n\n\n\n<figure class=\"wp-block-embed-wordpress wp-block-embed is-type-wp-embed is-provider-mira-serra\"><div class=\"wp-block-embed__wrapper\">\n<blockquote class=\"wp-embedded-content\" data-secret=\"ckjdcbcfTn\"><a href=\"http:\/\/miraserra.org.br\/index.php\/2019\/11\/11\/nao-foi-por-falta-de-aviso\/\">N\u00e3o foi por falta de aviso&#8230;<\/a><\/blockquote><iframe loading=\"lazy\" class=\"wp-embedded-content\" sandbox=\"allow-scripts\" security=\"restricted\" style=\"position: absolute; clip: rect(1px, 1px, 1px, 1px);\" title=\"&#8220;N\u00e3o foi por falta de aviso&#8230;&#8221; &#8212; Mira-Serra\" src=\"http:\/\/miraserra.org.br\/index.php\/2019\/11\/11\/nao-foi-por-falta-de-aviso\/embed\/#?secret=ckjdcbcfTn\" data-secret=\"ckjdcbcfTn\" width=\"600\" height=\"338\" frameborder=\"0\" marginwidth=\"0\" marginheight=\"0\" scrolling=\"no\"><\/iframe>\n<\/div><\/figure>\n","protected":false},"excerpt":{"rendered":"<p>Pauta solicitada pela MIRA-SERRA, protelada desde o in\u00edcio da pandemia, foi tema da reuni\u00e3o do Comit\u00ea de Gerenciamento da Bacia<\/p>\n","protected":false},"author":1,"featured_media":2686,"comment_status":"closed","ping_status":"closed","sticky":false,"template":"","format":"standard","meta":{"colormag_page_container_layout":"default_layout","colormag_page_sidebar_layout":"default_layout","_themeisle_gutenberg_block_has_review":false,"footnotes":""},"categories":[55,59,73],"tags":[223,109,108],"class_list":["post-2678","post","type-post","status-publish","format-standard","has-post-thumbnail","hentry","category-colegiados","category-comites-de-bacia-hidrografica","category-noticias","tag-comite-cai","tag-plano-diretor","tag-sao-francisco-de-paula"],"_links":{"self":[{"href":"https:\/\/miraserra.org.br\/index.php\/wp-json\/wp\/v2\/posts\/2678","targetHints":{"allow":["GET"]}}],"collection":[{"href":"https:\/\/miraserra.org.br\/index.php\/wp-json\/wp\/v2\/posts"}],"about":[{"href":"https:\/\/miraserra.org.br\/index.php\/wp-json\/wp\/v2\/types\/post"}],"author":[{"embeddable":true,"href":"https:\/\/miraserra.org.br\/index.php\/wp-json\/wp\/v2\/users\/1"}],"replies":[{"embeddable":true,"href":"https:\/\/miraserra.org.br\/index.php\/wp-json\/wp\/v2\/comments?post=2678"}],"version-history":[{"count":6,"href":"https:\/\/miraserra.org.br\/index.php\/wp-json\/wp\/v2\/posts\/2678\/revisions"}],"predecessor-version":[{"id":2733,"href":"https:\/\/miraserra.org.br\/index.php\/wp-json\/wp\/v2\/posts\/2678\/revisions\/2733"}],"wp:featuredmedia":[{"embeddable":true,"href":"https:\/\/miraserra.org.br\/index.php\/wp-json\/wp\/v2\/media\/2686"}],"wp:attachment":[{"href":"https:\/\/miraserra.org.br\/index.php\/wp-json\/wp\/v2\/media?parent=2678"}],"wp:term":[{"taxonomy":"category","embeddable":true,"href":"https:\/\/miraserra.org.br\/index.php\/wp-json\/wp\/v2\/categories?post=2678"},{"taxonomy":"post_tag","embeddable":true,"href":"https:\/\/miraserra.org.br\/index.php\/wp-json\/wp\/v2\/tags?post=2678"}],"curies":[{"name":"wp","href":"https:\/\/api.w.org\/{rel}","templated":true}]}}