{"id":2690,"date":"2020-07-18T22:55:38","date_gmt":"2020-07-19T01:55:38","guid":{"rendered":"http:\/\/miraserra.org.br\/?p=2690"},"modified":"2020-07-28T20:24:05","modified_gmt":"2020-07-28T23:24:05","slug":"nova-coordenacao-eleita-na-apedema-rs","status":"publish","type":"post","link":"https:\/\/miraserra.org.br\/index.php\/2020\/07\/18\/nova-coordenacao-eleita-na-apedema-rs\/","title":{"rendered":"NOVA COORDENA\u00c7\u00c3O ELEITA NA APEDeMA-RS"},"content":{"rendered":"\n<p class=\"has-text-color has-background has-medium-font-size has-very-dark-gray-color has-light-green-cyan-background-color\">A <a href=\"https:\/\/apedemars.wordpress.com\/\">Assembleia Permanente de Entidades em Defesa do Meio Ambiente do Rio Grande do Sul\/APEDeMA-RS<\/a> elegeu sua nova coordena\u00e7\u00e3o  tripartite, no dia 18\/7\/2020. Na v\u00eddeo-confer\u00eancia,  de s\u00e1bado \u00e0 tarde, estiveram conectadas v\u00e1rias lideran\u00e7as estaduais.<\/p>\n\n\n\n<p class=\"has-background has-medium-font-size has-light-green-cyan-background-color\"><strong> A chapa composta por Instituto MIRA-SERRA (Lisiane), Movimento Roessler (Luana) e AIPAM (Francesca)<\/strong> <strong>foi eleita<\/strong>, <strong>por aclama\u00e7\u00e3o<\/strong>, <strong><strong>para o per\u00edodo 2020-2022<\/strong><\/strong>.<\/p>\n\n\n\n<p class=\"has-background has-medium-font-size has-light-green-cyan-background-color\"><strong>Al\u00e9m das atividades inerentes \u00e0 coordena\u00e7\u00e3o, a nova coordena\u00e7\u00e3o quer manter as reuni\u00f5es virtuais semanais (mesmo ap\u00f3s a COVID-19), ensejar a associa\u00e7\u00e3o de mais entidades do interior e  incentivar a inscri\u00e7\u00e3o das associadas no CNEA\/MMA. <\/strong><\/p>\n\n\n\n<figure class=\"wp-block-image size-large\"><img loading=\"lazy\" decoding=\"async\" width=\"1024\" height=\"576\" src=\"http:\/\/miraserra.org.br\/wp-content\/uploads\/2020\/07\/Captura-de-Tela-105-1024x576.png\" alt=\"\" class=\"wp-image-2696\" srcset=\"https:\/\/miraserra.org.br\/wp-content\/uploads\/2020\/07\/Captura-de-Tela-105-1024x576.png 1024w, https:\/\/miraserra.org.br\/wp-content\/uploads\/2020\/07\/Captura-de-Tela-105-300x169.png 300w, https:\/\/miraserra.org.br\/wp-content\/uploads\/2020\/07\/Captura-de-Tela-105-768x432.png 768w, https:\/\/miraserra.org.br\/wp-content\/uploads\/2020\/07\/Captura-de-Tela-105.png 1366w\" sizes=\"auto, (max-width: 1024px) 100vw, 1024px\" \/><\/figure>\n\n\n\n<p class=\"has-text-color has-background has-very-dark-gray-color has-light-green-cyan-background-color\"><strong>Conhe\u00e7a a APEDeMA-RS: <\/strong><a href=\"https:\/\/apedemars.wordpress.com\/\">https:\/\/apedemars.wordpress.com\/<\/a><\/p>\n","protected":false},"excerpt":{"rendered":"<p>A Assembleia Permanente de Entidades em Defesa do Meio Ambiente do Rio Grande do Sul\/APEDeMA-RS elegeu sua nova coordena\u00e7\u00e3o tripartite,<\/p>\n","protected":false},"author":1,"featured_media":2696,"comment_status":"closed","ping_status":"closed","sticky":false,"template":"","format":"standard","meta":{"colormag_page_container_layout":"default_layout","colormag_page_sidebar_layout":"default_layout","_themeisle_gutenberg_block_has_review":false,"footnotes":""},"categories":[55,73],"tags":[],"class_list":["post-2690","post","type-post","status-publish","format-standard","has-post-thumbnail","hentry","category-colegiados","category-noticias"],"_links":{"self":[{"href":"https:\/\/miraserra.org.br\/index.php\/wp-json\/wp\/v2\/posts\/2690","targetHints":{"allow":["GET"]}}],"collection":[{"href":"https:\/\/miraserra.org.br\/index.php\/wp-json\/wp\/v2\/posts"}],"about":[{"href":"https:\/\/miraserra.org.br\/index.php\/wp-json\/wp\/v2\/types\/post"}],"author":[{"embeddable":true,"href":"https:\/\/miraserra.org.br\/index.php\/wp-json\/wp\/v2\/users\/1"}],"replies":[{"embeddable":true,"href":"https:\/\/miraserra.org.br\/index.php\/wp-json\/wp\/v2\/comments?post=2690"}],"version-history":[{"count":4,"href":"https:\/\/miraserra.org.br\/index.php\/wp-json\/wp\/v2\/posts\/2690\/revisions"}],"predecessor-version":[{"id":2712,"href":"https:\/\/miraserra.org.br\/index.php\/wp-json\/wp\/v2\/posts\/2690\/revisions\/2712"}],"wp:featuredmedia":[{"embeddable":true,"href":"https:\/\/miraserra.org.br\/index.php\/wp-json\/wp\/v2\/media\/2696"}],"wp:attachment":[{"href":"https:\/\/miraserra.org.br\/index.php\/wp-json\/wp\/v2\/media?parent=2690"}],"wp:term":[{"taxonomy":"category","embeddable":true,"href":"https:\/\/miraserra.org.br\/index.php\/wp-json\/wp\/v2\/categories?post=2690"},{"taxonomy":"post_tag","embeddable":true,"href":"https:\/\/miraserra.org.br\/index.php\/wp-json\/wp\/v2\/tags?post=2690"}],"curies":[{"name":"wp","href":"https:\/\/api.w.org\/{rel}","templated":true}]}}