{"id":2714,"date":"2020-07-27T23:50:18","date_gmt":"2020-07-28T02:50:18","guid":{"rendered":"http:\/\/miraserra.org.br\/?p=2714"},"modified":"2020-07-28T20:54:54","modified_gmt":"2020-07-28T23:54:54","slug":"megamineracao-em-debate","status":"publish","type":"post","link":"https:\/\/miraserra.org.br\/index.php\/2020\/07\/27\/megamineracao-em-debate\/","title":{"rendered":"MEGAMINERA\u00c7\u00c3O EM DEBATE"},"content":{"rendered":"\n<p class=\"has-text-align-center\"><strong>Na noite de 27\/7\/2020, o Instituto MIRA-SERRA participou da <\/strong><br><strong>8\u00aa mesa de debate, junto a nomes de destaque no combate \u00e0 megaminera\u00e7\u00e3o no Rio Grande do Sul. <br>Em poucas horas, j\u00e1 haviam mais <\/strong><br><strong>de mil e quinhentas visualiza\u00e7\u00f5es!<\/strong><\/p>\n\n\n\n<div class=\"wp-block-image\"><figure class=\"aligncenter size-large\"><img loading=\"lazy\" decoding=\"async\" width=\"749\" height=\"355\" src=\"http:\/\/miraserra.org.br\/wp-content\/uploads\/2020\/07\/116442298_646125732919819_3187855648053590398_n.jpg\" alt=\"\" class=\"wp-image-2715\" srcset=\"https:\/\/miraserra.org.br\/wp-content\/uploads\/2020\/07\/116442298_646125732919819_3187855648053590398_n.jpg 749w, https:\/\/miraserra.org.br\/wp-content\/uploads\/2020\/07\/116442298_646125732919819_3187855648053590398_n-300x142.jpg 300w\" sizes=\"auto, (max-width: 749px) 100vw, 749px\" \/><\/figure><\/div>\n\n\n\n<p class=\"has-text-align-center\"><strong>O Comit\u00ea de Combate \u00e0 Megaminera\u00e7\u00e3o se tornou um marco hist\u00f3rico, enquanto movimento que agrega diversos segmentos sociais. Em permanente atua\u00e7\u00e3o, criou uma <\/strong><br><strong><a href=\"http:\/\/miraserra.org.br\/index.php\/2019\/12\/10\/analise-critica-sobre-a-mina-guaiba\/\">Frente T\u00e9cnica<\/a> <\/strong><br><strong>que conta com v\u00e1rio especialistas, na qual a <br>MIRA-SERRA tem participa\u00e7\u00e3o.<\/strong><\/p>\n\n\n\n<p class=\"has-text-color has-background has-text-align-center has-normal-font-size has-very-dark-gray-color has-luminous-vivid-amber-background-color\"><strong><a href=\"https:\/\/www.facebook.com\/ComiteCombateMegamineracao\/videos\/626515608070839\">Confira a \u00edntegra do debate aqui<\/a><\/strong><\/p>\n\n\n\n<div class=\"wp-block-image\"><figure class=\"aligncenter size-large\"><img loading=\"lazy\" decoding=\"async\" width=\"749\" height=\"355\" src=\"http:\/\/miraserra.org.br\/wp-content\/uploads\/2020\/07\/116581954_3083630181744055_5918995220993666266_n.jpg\" alt=\"\" class=\"wp-image-2716\" srcset=\"https:\/\/miraserra.org.br\/wp-content\/uploads\/2020\/07\/116581954_3083630181744055_5918995220993666266_n.jpg 749w, https:\/\/miraserra.org.br\/wp-content\/uploads\/2020\/07\/116581954_3083630181744055_5918995220993666266_n-300x142.jpg 300w\" sizes=\"auto, (max-width: 749px) 100vw, 749px\" \/><\/figure><\/div>\n","protected":false},"excerpt":{"rendered":"<p>Na noite de 27\/7\/2020, o Instituto MIRA-SERRA participou da 8\u00aa mesa de debate, junto a nomes de destaque no combate<\/p>\n","protected":false},"author":1,"featured_media":2715,"comment_status":"closed","ping_status":"closed","sticky":false,"template":"","format":"standard","meta":{"colormag_page_container_layout":"default_layout","colormag_page_sidebar_layout":"default_layout","_themeisle_gutenberg_block_has_review":false,"footnotes":""},"categories":[27,73],"tags":[212],"class_list":["post-2714","post","type-post","status-publish","format-standard","has-post-thumbnail","hentry","category-megamineracao","category-noticias","tag-carvao"],"_links":{"self":[{"href":"https:\/\/miraserra.org.br\/index.php\/wp-json\/wp\/v2\/posts\/2714","targetHints":{"allow":["GET"]}}],"collection":[{"href":"https:\/\/miraserra.org.br\/index.php\/wp-json\/wp\/v2\/posts"}],"about":[{"href":"https:\/\/miraserra.org.br\/index.php\/wp-json\/wp\/v2\/types\/post"}],"author":[{"embeddable":true,"href":"https:\/\/miraserra.org.br\/index.php\/wp-json\/wp\/v2\/users\/1"}],"replies":[{"embeddable":true,"href":"https:\/\/miraserra.org.br\/index.php\/wp-json\/wp\/v2\/comments?post=2714"}],"version-history":[{"count":1,"href":"https:\/\/miraserra.org.br\/index.php\/wp-json\/wp\/v2\/posts\/2714\/revisions"}],"predecessor-version":[{"id":2717,"href":"https:\/\/miraserra.org.br\/index.php\/wp-json\/wp\/v2\/posts\/2714\/revisions\/2717"}],"wp:featuredmedia":[{"embeddable":true,"href":"https:\/\/miraserra.org.br\/index.php\/wp-json\/wp\/v2\/media\/2715"}],"wp:attachment":[{"href":"https:\/\/miraserra.org.br\/index.php\/wp-json\/wp\/v2\/media?parent=2714"}],"wp:term":[{"taxonomy":"category","embeddable":true,"href":"https:\/\/miraserra.org.br\/index.php\/wp-json\/wp\/v2\/categories?post=2714"},{"taxonomy":"post_tag","embeddable":true,"href":"https:\/\/miraserra.org.br\/index.php\/wp-json\/wp\/v2\/tags?post=2714"}],"curies":[{"name":"wp","href":"https:\/\/api.w.org\/{rel}","templated":true}]}}