{"id":2722,"date":"2020-08-01T17:53:19","date_gmt":"2020-08-01T20:53:19","guid":{"rendered":"http:\/\/miraserra.org.br\/?p=2722"},"modified":"2020-08-06T18:06:56","modified_gmt":"2020-08-06T21:06:56","slug":"mira-serra-em-destaque","status":"publish","type":"post","link":"https:\/\/miraserra.org.br\/index.php\/2020\/08\/01\/mira-serra-em-destaque\/","title":{"rendered":"MIRA-SERRA EM DESTAQUE"},"content":{"rendered":"\n<p class=\"has-text-color has-background has-text-align-center has-very-dark-gray-color has-light-green-cyan-background-color\"><strong>MIRA-SERRA iniciando agosto com participa\u00e7\u00e3o <\/strong><br><strong>em duas <em>lives<\/em>. <\/strong><br><strong>Ambas podem ser conferidas nos links abaixo:<\/strong><\/p>\n\n\n\n<p class=\"has-text-color has-background has-text-align-center has-very-dark-gray-color has-pale-cyan-blue-background-color\"><strong> 1) Mata Atl\u00e2ntica\/Pol\u00edticas P\u00fablicas Ambientais<\/strong><br><strong> (S\u00e3o Leopoldo)<\/strong><\/p>\n\n\n\n<div class=\"wp-block-group\"><div class=\"wp-block-group__inner-container is-layout-flow wp-block-group-is-layout-flow\">\n<figure class=\"wp-block-gallery columns-2 is-cropped wp-block-gallery-1 is-layout-flex wp-block-gallery-is-layout-flex\"><ul class=\"blocks-gallery-grid\"><li class=\"blocks-gallery-item\"><figure><img loading=\"lazy\" decoding=\"async\" width=\"218\" height=\"300\" src=\"http:\/\/miraserra.org.br\/wp-content\/uploads\/2020\/08\/banner-SL-1-218x300.jpg\" alt=\"\" data-id=\"2726\" data-full-url=\"http:\/\/miraserra.org.br\/wp-content\/uploads\/2020\/08\/banner-SL-1.jpg\" data-link=\"http:\/\/miraserra.org.br\/?attachment_id=2726\" class=\"wp-image-2726\" srcset=\"https:\/\/miraserra.org.br\/wp-content\/uploads\/2020\/08\/banner-SL-1-218x300.jpg 218w, https:\/\/miraserra.org.br\/wp-content\/uploads\/2020\/08\/banner-SL-1-742x1024.jpg 742w, https:\/\/miraserra.org.br\/wp-content\/uploads\/2020\/08\/banner-SL-1-768x1059.jpg 768w, https:\/\/miraserra.org.br\/wp-content\/uploads\/2020\/08\/banner-SL-1.jpg 928w\" sizes=\"auto, (max-width: 218px) 100vw, 218px\" \/><\/figure><\/li><li class=\"blocks-gallery-item\"><figure><img loading=\"lazy\" decoding=\"async\" width=\"300\" height=\"168\" src=\"http:\/\/miraserra.org.br\/wp-content\/uploads\/2020\/08\/SL-live-1-300x168.png\" alt=\"\" data-id=\"2725\" data-full-url=\"http:\/\/miraserra.org.br\/wp-content\/uploads\/2020\/08\/SL-live-1.png\" data-link=\"http:\/\/miraserra.org.br\/?attachment_id=2725\" class=\"wp-image-2725\" srcset=\"https:\/\/miraserra.org.br\/wp-content\/uploads\/2020\/08\/SL-live-1-300x168.png 300w, https:\/\/miraserra.org.br\/wp-content\/uploads\/2020\/08\/SL-live-1.png 620w\" sizes=\"auto, (max-width: 300px) 100vw, 300px\" \/><\/figure><\/li><\/ul><figcaption class=\"blocks-gallery-caption\"><strong><a href=\"https:\/\/www.facebook.com\/educacaoambientalsemmamsl\/videos\/298511608023612\/?__cft__[0]=AZVbcg3AreJlB_V-_O1inZ9xiRJ34RH-FuT-yapgeJCRqnOiG_9WGA4NQ7VqOqW4Q6_APTIh34-4IiAESWepjXXsNI6eXdrbC7yNQ5rmpYZ-NXHYImDkNJHjvDhs0Pkt_C2fnKlFm2js8L7Q0x6DxTFrDhrBhT1dET2QkRVdT5-NIg&amp;__tn__=-UK-R\">http:\/\/www.facebook.com\/story.php?story_fbid=298511608023612&amp;id=222245761853749&amp;scmts=scwspsdd&amp;extid=ToRUB1XJl5oYDyOR<\/a><\/strong><\/figcaption><\/figure>\n<\/div><\/div>\n\n\n\n<p class=\"has-text-color has-background has-very-dark-gray-color has-pale-cyan-blue-background-color\"><strong>2) Planejamento Municipal (S\u00e3o Francisco de Paula) <\/strong><\/p>\n\n\n\n<figure class=\"wp-block-gallery columns-2 is-cropped wp-block-gallery-2 is-layout-flex wp-block-gallery-is-layout-flex\"><ul class=\"blocks-gallery-grid\"><li class=\"blocks-gallery-item\"><figure><img loading=\"lazy\" decoding=\"async\" width=\"300\" height=\"300\" src=\"http:\/\/miraserra.org.br\/wp-content\/uploads\/2020\/08\/banner-SFP-Iara-300x300.jpg\" alt=\"\" data-id=\"2728\" class=\"wp-image-2728\" srcset=\"https:\/\/miraserra.org.br\/wp-content\/uploads\/2020\/08\/banner-SFP-Iara-300x300.jpg 300w, https:\/\/miraserra.org.br\/wp-content\/uploads\/2020\/08\/banner-SFP-Iara-1024x1024.jpg 1024w, https:\/\/miraserra.org.br\/wp-content\/uploads\/2020\/08\/banner-SFP-Iara-150x150.jpg 150w, https:\/\/miraserra.org.br\/wp-content\/uploads\/2020\/08\/banner-SFP-Iara-768x768.jpg 768w, https:\/\/miraserra.org.br\/wp-content\/uploads\/2020\/08\/banner-SFP-Iara.jpg 1080w\" sizes=\"auto, (max-width: 300px) 100vw, 300px\" \/><\/figure><\/li><li class=\"blocks-gallery-item\"><figure><img loading=\"lazy\" decoding=\"async\" width=\"300\" height=\"142\" src=\"http:\/\/miraserra.org.br\/wp-content\/uploads\/2020\/08\/Iara-live-SFP-300x142.jpg\" alt=\"\" data-id=\"2729\" data-full-url=\"http:\/\/miraserra.org.br\/wp-content\/uploads\/2020\/08\/Iara-live-SFP.jpg\" data-link=\"http:\/\/miraserra.org.br\/?attachment_id=2729\" class=\"wp-image-2729\" srcset=\"https:\/\/miraserra.org.br\/wp-content\/uploads\/2020\/08\/Iara-live-SFP-300x142.jpg 300w, https:\/\/miraserra.org.br\/wp-content\/uploads\/2020\/08\/Iara-live-SFP-1024x485.jpg 1024w, https:\/\/miraserra.org.br\/wp-content\/uploads\/2020\/08\/Iara-live-SFP-768x364.jpg 768w, https:\/\/miraserra.org.br\/wp-content\/uploads\/2020\/08\/Iara-live-SFP-1536x728.jpg 1536w, https:\/\/miraserra.org.br\/wp-content\/uploads\/2020\/08\/Iara-live-SFP.jpg 1995w\" sizes=\"auto, (max-width: 300px) 100vw, 300px\" \/><\/figure><\/li><\/ul><figcaption class=\"blocks-gallery-caption\"><strong><a href=\"https:\/\/www.facebook.com\/radiosaochico\/videos\/519276348818664\/2?__cft__[0]=AZVbcg3AreJlB_V-_O1inZ9xiRJ34RH-FuT-yapgeJCRqnOiG_9WGA4NQ7VqOqW4Q6_APTIh34-4IiAESWepjXXsNI6eXdrbC7yNQ5rmpYZ-NXHYImDkNJHjvDhs0Pkt_C2fnKlFm2js8L7Q0x6DxTFrDhrBhT1dET2QkRVdT5-NIg&amp;__tn__=-UK-R\">https:\/\/www.facebook.com\/radiosaochico\/videos\/519276348818664\/2<\/a><\/strong><\/figcaption><\/figure>\n\n\n\n<p><\/p>\n","protected":false},"excerpt":{"rendered":"<p>MIRA-SERRA iniciando agosto com participa\u00e7\u00e3o em duas lives. Ambas podem ser conferidas nos links abaixo: 1) Mata Atl\u00e2ntica\/Pol\u00edticas P\u00fablicas Ambientais<\/p>\n","protected":false},"author":1,"featured_media":2731,"comment_status":"closed","ping_status":"closed","sticky":false,"template":"","format":"standard","meta":{"colormag_page_container_layout":"default_layout","colormag_page_sidebar_layout":"default_layout","_themeisle_gutenberg_block_has_review":false,"footnotes":""},"categories":[26,73],"tags":[257,157,139,108,201],"class_list":["post-2722","post","type-post","status-publish","format-standard","has-post-thumbnail","hentry","category-eventos","category-noticias","tag-planejamento","tag-plano-de-mata-atlantica","tag-politicas-publicas","tag-sao-francisco-de-paula","tag-sao-leopoldo"],"_links":{"self":[{"href":"https:\/\/miraserra.org.br\/index.php\/wp-json\/wp\/v2\/posts\/2722","targetHints":{"allow":["GET"]}}],"collection":[{"href":"https:\/\/miraserra.org.br\/index.php\/wp-json\/wp\/v2\/posts"}],"about":[{"href":"https:\/\/miraserra.org.br\/index.php\/wp-json\/wp\/v2\/types\/post"}],"author":[{"embeddable":true,"href":"https:\/\/miraserra.org.br\/index.php\/wp-json\/wp\/v2\/users\/1"}],"replies":[{"embeddable":true,"href":"https:\/\/miraserra.org.br\/index.php\/wp-json\/wp\/v2\/comments?post=2722"}],"version-history":[{"count":1,"href":"https:\/\/miraserra.org.br\/index.php\/wp-json\/wp\/v2\/posts\/2722\/revisions"}],"predecessor-version":[{"id":2730,"href":"https:\/\/miraserra.org.br\/index.php\/wp-json\/wp\/v2\/posts\/2722\/revisions\/2730"}],"wp:featuredmedia":[{"embeddable":true,"href":"https:\/\/miraserra.org.br\/index.php\/wp-json\/wp\/v2\/media\/2731"}],"wp:attachment":[{"href":"https:\/\/miraserra.org.br\/index.php\/wp-json\/wp\/v2\/media?parent=2722"}],"wp:term":[{"taxonomy":"category","embeddable":true,"href":"https:\/\/miraserra.org.br\/index.php\/wp-json\/wp\/v2\/categories?post=2722"},{"taxonomy":"post_tag","embeddable":true,"href":"https:\/\/miraserra.org.br\/index.php\/wp-json\/wp\/v2\/tags?post=2722"}],"curies":[{"name":"wp","href":"https:\/\/api.w.org\/{rel}","templated":true}]}}