{"id":2734,"date":"2020-08-07T19:03:10","date_gmt":"2020-08-07T22:03:10","guid":{"rendered":"http:\/\/miraserra.org.br\/?p=2734"},"modified":"2020-08-10T19:08:51","modified_gmt":"2020-08-10T22:08:51","slug":"cpa-comite-cai-reuniao-de-agosto","status":"publish","type":"post","link":"https:\/\/miraserra.org.br\/index.php\/2020\/08\/07\/cpa-comite-cai-reuniao-de-agosto\/","title":{"rendered":"CPA\/Comit\u00ea Ca\u00ed: reuni\u00e3o de agosto"},"content":{"rendered":"\n<p>O Instituto MIRA-SERRA participa da Comiss\u00e3o Permanente de Assessoramento (CPA), do Comit\u00ea de Gerenciamento da Bacia Hidrogr\u00e1fica do Rio Ca\u00ed.<\/p>\n\n\n\n<p>A CPA esteve novamente reunida, nesta sexta-feira (7\/8\/2020), em sala virtual, para tratar de estrat\u00e9gias frente \u00e0s \u00e1reas de inunda\u00e7\u00e3o, entre outros itens.<\/p>\n\n\n\n<p class=\"has-text-color has-background has-vivid-cyan-blue-color has-very-light-gray-background-color\"><a href=\"http:\/\/miraserra.org.br\/wp-content\/uploads\/2020\/08\/Recomendacao_Planicie-Inund_PA-0134600004-2017_Prom-Regional-Cai_27jul2018.pdf\">VEJA A RECOMENDA\u00c7\u00c3O DO MINIST\u00c9RIO P\u00daBLICO<\/a><\/p>\n\n\n\n<p>Um grupo de trabalho foi criado para contribuir com propostas &#8211; no qual a MIRA-SERRA est\u00e1 inclu\u00edda.<\/p>\n\n\n\n<figure class=\"wp-block-image size-large\"><img loading=\"lazy\" decoding=\"async\" width=\"1024\" height=\"576\" src=\"http:\/\/miraserra.org.br\/wp-content\/uploads\/2020\/08\/Captura-de-Tela-188-1024x576.png\" alt=\"\" class=\"wp-image-2736\" srcset=\"https:\/\/miraserra.org.br\/wp-content\/uploads\/2020\/08\/Captura-de-Tela-188-1024x576.png 1024w, https:\/\/miraserra.org.br\/wp-content\/uploads\/2020\/08\/Captura-de-Tela-188-300x169.png 300w, https:\/\/miraserra.org.br\/wp-content\/uploads\/2020\/08\/Captura-de-Tela-188-768x432.png 768w, https:\/\/miraserra.org.br\/wp-content\/uploads\/2020\/08\/Captura-de-Tela-188.png 1366w\" sizes=\"auto, (max-width: 1024px) 100vw, 1024px\" \/><\/figure>\n","protected":false},"excerpt":{"rendered":"<p>O Instituto MIRA-SERRA participa da Comiss\u00e3o Permanente de Assessoramento (CPA), do Comit\u00ea de Gerenciamento da Bacia Hidrogr\u00e1fica do Rio Ca\u00ed.<\/p>\n","protected":false},"author":1,"featured_media":2735,"comment_status":"closed","ping_status":"closed","sticky":false,"template":"","format":"standard","meta":{"colormag_page_container_layout":"default_layout","colormag_page_sidebar_layout":"default_layout","_themeisle_gutenberg_block_has_review":false,"footnotes":""},"categories":[55,59],"tags":[205,259,258],"class_list":["post-2734","post","type-post","status-publish","format-standard","has-post-thumbnail","hentry","category-colegiados","category-comites-de-bacia-hidrografica","tag-cai","tag-cpa","tag-inundacao"],"_links":{"self":[{"href":"https:\/\/miraserra.org.br\/index.php\/wp-json\/wp\/v2\/posts\/2734","targetHints":{"allow":["GET"]}}],"collection":[{"href":"https:\/\/miraserra.org.br\/index.php\/wp-json\/wp\/v2\/posts"}],"about":[{"href":"https:\/\/miraserra.org.br\/index.php\/wp-json\/wp\/v2\/types\/post"}],"author":[{"embeddable":true,"href":"https:\/\/miraserra.org.br\/index.php\/wp-json\/wp\/v2\/users\/1"}],"replies":[{"embeddable":true,"href":"https:\/\/miraserra.org.br\/index.php\/wp-json\/wp\/v2\/comments?post=2734"}],"version-history":[{"count":2,"href":"https:\/\/miraserra.org.br\/index.php\/wp-json\/wp\/v2\/posts\/2734\/revisions"}],"predecessor-version":[{"id":2739,"href":"https:\/\/miraserra.org.br\/index.php\/wp-json\/wp\/v2\/posts\/2734\/revisions\/2739"}],"wp:featuredmedia":[{"embeddable":true,"href":"https:\/\/miraserra.org.br\/index.php\/wp-json\/wp\/v2\/media\/2735"}],"wp:attachment":[{"href":"https:\/\/miraserra.org.br\/index.php\/wp-json\/wp\/v2\/media?parent=2734"}],"wp:term":[{"taxonomy":"category","embeddable":true,"href":"https:\/\/miraserra.org.br\/index.php\/wp-json\/wp\/v2\/categories?post=2734"},{"taxonomy":"post_tag","embeddable":true,"href":"https:\/\/miraserra.org.br\/index.php\/wp-json\/wp\/v2\/tags?post=2734"}],"curies":[{"name":"wp","href":"https:\/\/api.w.org\/{rel}","templated":true}]}}