{"id":2743,"date":"2020-10-04T20:41:42","date_gmt":"2020-10-04T23:41:42","guid":{"rendered":"http:\/\/miraserra.org.br\/?p=2743"},"modified":"2020-10-04T20:41:44","modified_gmt":"2020-10-04T23:41:44","slug":"sao-tantas-emocoes","status":"publish","type":"post","link":"https:\/\/miraserra.org.br\/index.php\/2020\/10\/04\/sao-tantas-emocoes\/","title":{"rendered":"S\u00c3O TANTAS EMO\u00c7\u00d5ES&#8230;"},"content":{"rendered":"\n<p class=\"has-text-color has-background has-very-dark-gray-color has-light-green-cyan-background-color\"><strong>Diante do cen\u00e1rio in\u00f3spito que cada peda\u00e7o de solo brasileiro enfrenta, o Instituto MIRA-SERRA est\u00e1  sobrecarregado&#8230;<\/strong><\/p>\n\n\n\n<p class=\"has-text-color has-background has-very-dark-gray-color has-light-green-cyan-background-color\"><strong>S\u00e3o a\u00e7\u00f5es judiciais diversas e longas, aux\u00edlios \u00e0 entidades parceiras, reuni\u00f5es de coletivos, reuni\u00f5es de colegiados, reuni\u00f5es de grupos dentro da MIRA-SERRA, coordena\u00e7\u00e3o em redes de ONGs, participa\u00e7\u00e3o em &#8220;<em>lives<\/em>&#8220;, entrevistas, sa\u00eddas a campo, atendimentos variados, et<\/strong>c.<\/p>\n\n\n\n<p class=\"has-background has-light-green-cyan-background-color\"><strong>Neste sentido, pedimos a compreens\u00e3o de todos pela aus\u00eancia da atualiza\u00e7\u00e3o neste espa\u00e7o virtual. <\/strong><\/p>\n\n\n\n<p class=\"has-background has-light-green-cyan-background-color\"><strong>Paulatinamente, acrescentaremos<\/strong> <strong>as mat\u00e9rias<\/strong> <strong>deste per\u00edodo tumultuado.<\/strong><\/p>\n\n\n\n<p class=\"has-background has-light-green-cyan-background-color\"><strong>Entretanto, os informes podem ser acompanhados pela p\u00e1gina <a rel=\"noreferrer noopener\" href=\"https:\/\/www.facebook.com\/ONGMiraSerra\" target=\"_blank\">@ONGMiraSerra<\/a>.<\/strong><\/p>\n\n\n\n<p class=\"has-text-color has-background has-text-align-center has-very-dark-gray-color has-light-green-cyan-background-color\"><strong>Vale lembrar que atuamos 100% com voluntariado!<\/strong> <strong>Associe-se! <\/strong><\/p>\n\n\n\n<p class=\"has-text-align-center\"><strong>Doa\u00e7\u00f5es, para  custeio de a\u00e7\u00f5es judiciais, para manuten\u00e7\u00e3o da contabilidade externa e da internet, <br>s\u00e3o bem-vindas!  <\/strong><br><strong> Banco Banrisul (conta poupan\u00e7a)<br>ag\u00eancia 0075<br>conta n\u00ba 41.851405.0-6<\/strong><\/p>\n\n\n\n<p class=\"has-text-color has-background has-very-dark-gray-color has-light-green-cyan-background-color\"><strong>No dia 28\/10 a nossa entidade completar\u00e1 20 anos de exist\u00eancia. Sem d\u00favida muito a comemorar, por\u00e9m o tempo ser\u00e1 curto para isto!<\/strong><\/p>\n\n\n\n<div class=\"wp-block-image is-style-rounded\"><figure class=\"aligncenter size-large is-resized\"><img loading=\"lazy\" decoding=\"async\" src=\"http:\/\/miraserra.org.br\/wp-content\/uploads\/2020\/10\/logo-20-anos.jpg\" alt=\"\" class=\"wp-image-2744\" width=\"245\" height=\"205\" srcset=\"https:\/\/miraserra.org.br\/wp-content\/uploads\/2020\/10\/logo-20-anos.jpg 1000w, https:\/\/miraserra.org.br\/wp-content\/uploads\/2020\/10\/logo-20-anos-300x251.jpg 300w, https:\/\/miraserra.org.br\/wp-content\/uploads\/2020\/10\/logo-20-anos-768x644.jpg 768w\" sizes=\"auto, (max-width: 245px) 100vw, 245px\" \/><\/figure><\/div>\n\n\n\n<p><\/p>\n","protected":false},"excerpt":{"rendered":"<p>Diante do cen\u00e1rio in\u00f3spito que cada peda\u00e7o de solo brasileiro enfrenta, o Instituto MIRA-SERRA est\u00e1 sobrecarregado&#8230; S\u00e3o a\u00e7\u00f5es judiciais diversas<\/p>\n","protected":false},"author":1,"featured_media":2744,"comment_status":"closed","ping_status":"closed","sticky":false,"template":"","format":"standard","meta":{"colormag_page_container_layout":"default_layout","colormag_page_sidebar_layout":"default_layout","_themeisle_gutenberg_block_has_review":false,"footnotes":""},"categories":[73],"tags":[260],"class_list":["post-2743","post","type-post","status-publish","format-standard","has-post-thumbnail","hentry","category-noticias","tag-informe"],"_links":{"self":[{"href":"https:\/\/miraserra.org.br\/index.php\/wp-json\/wp\/v2\/posts\/2743","targetHints":{"allow":["GET"]}}],"collection":[{"href":"https:\/\/miraserra.org.br\/index.php\/wp-json\/wp\/v2\/posts"}],"about":[{"href":"https:\/\/miraserra.org.br\/index.php\/wp-json\/wp\/v2\/types\/post"}],"author":[{"embeddable":true,"href":"https:\/\/miraserra.org.br\/index.php\/wp-json\/wp\/v2\/users\/1"}],"replies":[{"embeddable":true,"href":"https:\/\/miraserra.org.br\/index.php\/wp-json\/wp\/v2\/comments?post=2743"}],"version-history":[{"count":1,"href":"https:\/\/miraserra.org.br\/index.php\/wp-json\/wp\/v2\/posts\/2743\/revisions"}],"predecessor-version":[{"id":2745,"href":"https:\/\/miraserra.org.br\/index.php\/wp-json\/wp\/v2\/posts\/2743\/revisions\/2745"}],"wp:featuredmedia":[{"embeddable":true,"href":"https:\/\/miraserra.org.br\/index.php\/wp-json\/wp\/v2\/media\/2744"}],"wp:attachment":[{"href":"https:\/\/miraserra.org.br\/index.php\/wp-json\/wp\/v2\/media?parent=2743"}],"wp:term":[{"taxonomy":"category","embeddable":true,"href":"https:\/\/miraserra.org.br\/index.php\/wp-json\/wp\/v2\/categories?post=2743"},{"taxonomy":"post_tag","embeddable":true,"href":"https:\/\/miraserra.org.br\/index.php\/wp-json\/wp\/v2\/tags?post=2743"}],"curies":[{"name":"wp","href":"https:\/\/api.w.org\/{rel}","templated":true}]}}