{"id":2760,"date":"2015-03-23T21:48:00","date_gmt":"2015-03-24T00:48:00","guid":{"rendered":"http:\/\/miraserra.org.br\/?p=2760"},"modified":"2020-10-13T14:14:37","modified_gmt":"2020-10-13T17:14:37","slug":"a-mira-serra","status":"publish","type":"post","link":"https:\/\/miraserra.org.br\/index.php\/2015\/03\/23\/a-mira-serra\/","title":{"rendered":"A Mira-Serra"},"content":{"rendered":"\n<figure class=\"wp-block-image size-large\"><img loading=\"lazy\" decoding=\"async\" width=\"800\" height=\"445\" src=\"http:\/\/miraserra.org.br\/wp-content\/uploads\/2020\/10\/foto-rpnn-800x445-1.jpg\" alt=\"\" class=\"wp-image-2765\" srcset=\"https:\/\/miraserra.org.br\/wp-content\/uploads\/2020\/10\/foto-rpnn-800x445-1.jpg 800w, https:\/\/miraserra.org.br\/wp-content\/uploads\/2020\/10\/foto-rpnn-800x445-1-300x167.jpg 300w, https:\/\/miraserra.org.br\/wp-content\/uploads\/2020\/10\/foto-rpnn-800x445-1-768x427.jpg 768w\" sizes=\"auto, (max-width: 800px) 100vw, 800px\" \/><\/figure>\n\n\n\n<p>MiRA-SERRA \u00e9 uma Organiza\u00e7\u00e3o N\u00e3o Governamental (ONG), de car\u00e1ter cient\u00ed\udbc0\udcd5co e cultural, que visa \u00e0 preserva\u00e7\u00e3o da biodiversidade e dos ecossistemas do Rio Grande do Sul \/ Brasil. O projeto piloto da ONG t\u00eam seu n\u00facleo de estudo na RPPN Mira-Serra, na encosta do Cerro do Jo\u00e3o Ferreiro\/Alto Padilha em S\u00e3o Francisco de Paula, no bioma Mata Atl\u00e2ntica.<\/p>\n\n\n\n<p><strong>S\u00e3o a\u00e7\u00f5es da MIRA-SERRA:<\/strong><\/p>\n\n\n\n<p>levantamento da fauna flora;<br>transloca\u00e7\u00e3o de animais silvestres;<br>estudo s\u00f3cio-econ\u00f4mico-ambiental da comunidade local;<br>estudo da cultura ind\u00edgena;<br>a\u00e7\u00f5es em educa\u00e7\u00e3o ambiental;<br>participa\u00e7\u00e3o em colegiados municipais, estaduais e federais;<br>monitoramento de mananciais h\u00eddricos<\/p>\n\n\n\n<p><strong>MIRA-SERRA signfica:<\/strong><br>1) Como sigla:<br>Monitoramento Integrado Recursos Ambientais \u2013 Sustentabilidade<br>Extensiva aos Recursos Renov\u00e1veis e \u00c1gua.<\/p>\n\n\n\n<p>2) Como a\u00e7\u00e3o:<br>Mira do verbo \u201cmirar\u201d, \u201colhar\u201d para a Serra, \u201cplanalto\u201d origem dos<br>mananciais h\u00eddricos;<\/p>\n\n\n\n<p>3) Como etimologia ind\u00edgena Kaingang (t\u00edpica da regi\u00e3o de altitude<br>e de vales): \u201cMI\u201d = estreito, bem pequeno; \u201cR\u00c3\u201d = Sol<br>Ou seja, numa vers\u00e3o livre: local de pouca luz, como a \udbc0\udcd6oresta em<br>vales e encostas \u2013 que est\u00e1 representada na SERRA.<\/p>\n\n\n\n<p><a href=\"http:\/\/www.biodiversidade.rs.gov.br\/portal\/index.php?acao=especies_ameacadas&amp;id=202&amp;tipo=2-1\" target=\"_blank\" rel=\"noreferrer noopener\">SAIBA MAIS SOBRE O ANIMAL S\u00cdMBOLO DA MIRA-SERRA<\/a><\/p>\n\n\n\n<p><strong>COORDENA\u00c7\u00c3O (2018-2022)<\/strong><br>bi\u00f3l. Lisiane Becker: coordenadora-presidente<br>adv. Cl\u00e1udia Riveiro: coordenadora-executiva<br>soci\u00f3l. Aline Bettio: coordenadora-executiva<br><br><strong>CONSELHO FISCAL<\/strong><br>ge\u00f3l. Juliana Young<br>Iara Ximenes<br>bi\u00f3l. Vera L\u00facia Pitoni<\/p>\n\n\n\n<p><strong>A MIRA-SERRA NOS COLEGIADOS<\/strong>:<br><br><strong>CONAMA \/ plen\u00e1ria:<\/strong><br>Lisiane Becker (titular); Cl\u00e1udia Ribeiro (suplente)<br><br><strong>CT Biodiversidade \/ CONAMA :<\/strong><br>Lisiane Becker (titular e vice-presidente reeleita para esta CT); Vera<br>Pitoni (1\u00aa suplente)<br><strong><br>Conselho Deliberativo do Fundo Nacional do Meio Ambiete (CD FNMA<\/strong>) \u2013 Lisiane Becker (regi\u00e3o sul)<br><br><strong>CONSEMA \/ plen\u00e1ria:<\/strong><br>Lisiane Becker (titular) e Eduardo Weidling (suplente)&nbsp;<br><br><strong>CT Planejamento Ambiental \/ CONSEMA<\/strong>&nbsp;<br>Lisiane Becker (titular) e Aline Bettio (suplente)<br><br><strong>CT Assuntos Jur\u00eddicos \/ CONSEMA<\/strong>&nbsp;\u2013 Cl\u00e1udia Ribeiro, Eduardo Wendling e Vanessa Kologeski<br><br><strong>Comit\u00ea Estadual da Reserva da Biosfera da Mata Atl\u00e2ntica<\/strong>\/CERBMA-RS Lisiane Becker (MIRA-SERRA e UPAN rod\u00edzio)<br><br><strong>Conselho Nacional da Reserva da Biosfera da Mata Atl\u00e2ntica<\/strong>\/CN RBMA<br>Lisiane Becker (pela regi\u00e3o sul)<br><br><strong>Comit\u00ea de Gerenciamento da Bacia Hidrogr\u00e1fica do Lago Guaiba<\/strong><br>Gelcira Teles<br><br><strong>Conselhos Gestores da Esta\u00e7\u00e3o Ecol\u00f3gica Estadual de Aratinga e da APA Rota do Sol<\/strong><br>Lisiane Becker (suplente pelo CERBMA-RS)<br><strong><br>Forum Estadual de Seguran\u00e7a Alimentar e Nutricional<\/strong><br>Aline Bettio<br><br><strong>Comit\u00ea Gestor do Plano Estadual de Agroecologia e Produ\u00e7\u00e3o Org\u00e2nica<\/strong>&nbsp;<br>Aline Bettio<br><br><strong>Rede de ONGs da Mata Atl\u00e2ntica (RMA)- conselho de coordena\u00e7\u00e3<\/strong>o<br>Lisiane Becker<br><br><strong>Rede de ONGs da Mata Atl\u00e2ntica \u2013 RS (elo)<\/strong>&nbsp;<br>Lisiane Becker<br><br><strong>APEDeMA-RS<\/strong>&nbsp;<br>Lisiane Becker<br><strong><br>Confedera\u00e7\u00e3o Nacional de RPPN (CN RPPN) \/ NOVA REDE<\/strong><br>Lisiane Becker<br><br><strong>Associa\u00e7\u00e3o CHARRUA de RPPNistas<\/strong><br>Rog\u00e9rio Mongelos e Lisiane Becker<\/p>\n\n\n\n<p>A PARTICIPA\u00c7\u00c3O NOS COLEGIADOS E COLETIVOS em anos anteriores:<br>CONSEMA-RS: 2010; 2011; 2012; 2013; 2014<br>CERBMA-RS: 2011; 2012; 2013; 2014<br>CONAMA: 2010; 2011;2012\/2013; 2014<br>CN RBMA<br>CD FNMA<br>APEDEMA-RS<br>RMA<\/p>\n\n\n\n<p><strong>ONDE NOS ENCONTRAR:<\/strong><br><br><strong>SECRETARIA-EXECUTIVA<\/strong><br>Contato: (51) 92674201<br>miraserra@miraserra.org.br @ONGMiraSerra<br><br>OBS.: a secretaria-executiva da MIRA-SERRA est\u00e1 operando<br>provisoriamente na Av. Lageado 1360 \/20, Petr\u00f3polis \u2013 Porto<br>Alegre\/RS. CEP. 90460-110<\/p>\n\n\n\n<p>ESPA\u00c7O MIRA-SERRA DE ESTUDOS AMBIENTAIS<br>Com a desativa\u00e7\u00e3o da secretaria em S\u00e3o Francisco de Paula, a MIRA-SERRA doou para a Prefeitura Municipal de Ivoti todo o seu material (videoteca, museu e biblioteca) para que estejam dispon\u00edveis a um maior p\u00fablico, no Centro de Educa\u00e7\u00e3o Ambiental<br>de Ivoti \/CEAMI<\/p>\n\n\n\n<p><strong>ABRIGO-SEDE DA RPPN MIRA-SERRA<\/strong><br>Alto Padilha, s\/n\u00ba. S\u00e3o Francisco de Paula, RS-BR.<br>Destinado a armazenagem de material para pesquisa bem como local de pernoite durante as atividades de campo.<br>Contatos: (51) 996616564; (51) 992674201<br>miraserra@miraserra.org.br<\/p>\n\n\n\n<p><strong>ESPA\u00c7O ABERTO MIRA-SERRA<\/strong><br>Na \u00e1rea urbana de S\u00e3o Francisco de Paula, RS-BR.<br>Destinado a projetos-piloto em bio-arquitetura e em a\u00e7\u00f5es de pesquisa de campo.<br>Contato: Arq. Rog\u00e9rio. Fone: (51) 996616564<br>miraserra@miraserra.org.br<\/p>\n\n\n\n<p><strong>NOSSAS CREDENCIAIS:<\/strong><br><strong>Cadastro T\u00e9cnico Federal \u2013 MMA \/ IBAMA (a revalidar)<br>Cadastro Nacional de Entidades Ambientalistas \u2013 MMA\/ CONAMA<br>Minist\u00e9rio da Cultura \/ Funda\u00e7\u00e3o Biblioteca Nacional\u00c1rea de Soltura de Animais Silvestres \u2013 MMA \/ Ibama \/ RS<br>Alvar\u00e1 de Licen\u00e7a para Localiza\u00e7\u00e3o \u2013 S\u00e3o Francisco de Paula \/ RS<br>Cadastro de Entidades \u2013 Secretaria Estadual da Justi\u00e7a e do Desenvolvimento Social \/ RS<br>Posto Avan\u00e7ado da Reserva da Biosfera da Mata Atl\u00e2ntica \/ MaB-UNESCO<\/strong><\/p>\n\n\n\n<p><strong>MO PARTICIPAR:<\/strong><br>A MIRA-SERRA precisa da tua participa\u00e7\u00e3o, que pode ser por associa\u00e7\u00e3o, voluntariado ou por doa\u00e7\u00f5es.<\/p>\n\n\n\n<p><a rel=\"noreferrer noopener\" href=\"http:\/\/miraserra.org.br\/wp-content\/uploads\/2019\/10\/ESTATUTO-MIRASERRA-1.pd\" target=\"_blank\">Conhe\u00e7a o Estatuto Social da MIRA-SERRA<\/a><\/p>\n\n\n\n<p><strong>ASSOCIE-SE!&nbsp;<\/strong><br><strong>pe\u00e7a sua ficha de cadastro para miraserra@miraserra.org.br<\/strong><br><br><strong>Voluntariado \u00e9 sempre bem-vindo! entre em contato:<br>51-992674201<\/strong><\/p>\n\n\n\n<p><strong>As Doa\u00e7\u00f5es s\u00e3o aceitas via dep\u00f3sito banc\u00e1rio, para cr\u00e9dito de Projeto MIRA-SERRA no banco Banrisul:<br>ag\u00eancia 0075<br>conta n\u00ba 41.851405.0-6<\/strong><\/p>\n","protected":false},"excerpt":{"rendered":"<p>MiRA-SERRA \u00e9 uma Organiza\u00e7\u00e3o N\u00e3o Governamental (ONG), de car\u00e1ter cient\u00ed\udbc0\udcd5co e cultural, que visa \u00e0 preserva\u00e7\u00e3o da biodiversidade e dos<\/p>\n","protected":false},"author":1,"featured_media":1866,"comment_status":"closed","ping_status":"closed","sticky":false,"template":"","format":"standard","meta":{"colormag_page_container_layout":"default_layout","colormag_page_sidebar_layout":"default_layout","_themeisle_gutenberg_block_has_review":false,"footnotes":""},"categories":[1],"tags":[],"class_list":["post-2760","post","type-post","status-publish","format-standard","has-post-thumbnail","hentry","category-menu"],"_links":{"self":[{"href":"https:\/\/miraserra.org.br\/index.php\/wp-json\/wp\/v2\/posts\/2760","targetHints":{"allow":["GET"]}}],"collection":[{"href":"https:\/\/miraserra.org.br\/index.php\/wp-json\/wp\/v2\/posts"}],"about":[{"href":"https:\/\/miraserra.org.br\/index.php\/wp-json\/wp\/v2\/types\/post"}],"author":[{"embeddable":true,"href":"https:\/\/miraserra.org.br\/index.php\/wp-json\/wp\/v2\/users\/1"}],"replies":[{"embeddable":true,"href":"https:\/\/miraserra.org.br\/index.php\/wp-json\/wp\/v2\/comments?post=2760"}],"version-history":[{"count":4,"href":"https:\/\/miraserra.org.br\/index.php\/wp-json\/wp\/v2\/posts\/2760\/revisions"}],"predecessor-version":[{"id":2766,"href":"https:\/\/miraserra.org.br\/index.php\/wp-json\/wp\/v2\/posts\/2760\/revisions\/2766"}],"wp:featuredmedia":[{"embeddable":true,"href":"https:\/\/miraserra.org.br\/index.php\/wp-json\/wp\/v2\/media\/1866"}],"wp:attachment":[{"href":"https:\/\/miraserra.org.br\/index.php\/wp-json\/wp\/v2\/media?parent=2760"}],"wp:term":[{"taxonomy":"category","embeddable":true,"href":"https:\/\/miraserra.org.br\/index.php\/wp-json\/wp\/v2\/categories?post=2760"},{"taxonomy":"post_tag","embeddable":true,"href":"https:\/\/miraserra.org.br\/index.php\/wp-json\/wp\/v2\/tags?post=2760"}],"curies":[{"name":"wp","href":"https:\/\/api.w.org\/{rel}","templated":true}]}}