{"id":2768,"date":"2020-10-08T18:10:02","date_gmt":"2020-10-08T21:10:02","guid":{"rendered":"http:\/\/miraserra.org.br\/?p=2768"},"modified":"2020-10-13T13:38:14","modified_gmt":"2020-10-13T16:38:14","slug":"mata-atlantica-no-consema","status":"publish","type":"post","link":"https:\/\/miraserra.org.br\/index.php\/2020\/10\/08\/mata-atlantica-no-consema\/","title":{"rendered":"MATA ATL\u00c2NTICA NO CONSEMA"},"content":{"rendered":"\n<p class=\"has-text-color has-background has-very-dark-gray-color has-vivid-green-cyan-background-color\"><strong>Pautado pelo Inst. MIRA-SERRA, a reuni\u00e3o do CONSEMA contou com a apresenta\u00e7\u00e3o das atualiza\u00e7\u00f5es no Conv\u00eanio Mata Atl\u00e2ntica (Estado-Munic\u00edpio), realizada pelo competente diretor Diego Melo Pereira.<\/strong><\/p>\n\n\n\n<figure class=\"wp-block-gallery columns-2 is-cropped wp-block-gallery-1 is-layout-flex wp-block-gallery-is-layout-flex\"><ul class=\"blocks-gallery-grid\"><li class=\"blocks-gallery-item\"><figure><img loading=\"lazy\" decoding=\"async\" width=\"1024\" height=\"576\" src=\"http:\/\/miraserra.org.br\/wp-content\/uploads\/2020\/10\/Captura-de-Tela-71-1-1024x576.png\" alt=\"\" data-id=\"2772\" data-full-url=\"http:\/\/miraserra.org.br\/wp-content\/uploads\/2020\/10\/Captura-de-Tela-71-1.png\" data-link=\"http:\/\/miraserra.org.br\/?attachment_id=2772\" class=\"wp-image-2772\" srcset=\"https:\/\/miraserra.org.br\/wp-content\/uploads\/2020\/10\/Captura-de-Tela-71-1-1024x576.png 1024w, https:\/\/miraserra.org.br\/wp-content\/uploads\/2020\/10\/Captura-de-Tela-71-1-300x169.png 300w, https:\/\/miraserra.org.br\/wp-content\/uploads\/2020\/10\/Captura-de-Tela-71-1-768x432.png 768w, https:\/\/miraserra.org.br\/wp-content\/uploads\/2020\/10\/Captura-de-Tela-71-1.png 1366w\" sizes=\"auto, (max-width: 1024px) 100vw, 1024px\" \/><\/figure><\/li><li class=\"blocks-gallery-item\"><figure><img loading=\"lazy\" decoding=\"async\" width=\"1024\" height=\"576\" src=\"http:\/\/miraserra.org.br\/wp-content\/uploads\/2020\/10\/Captura-de-Tela-73-1024x576.png\" alt=\"\" data-id=\"2773\" data-full-url=\"http:\/\/miraserra.org.br\/wp-content\/uploads\/2020\/10\/Captura-de-Tela-73.png\" data-link=\"http:\/\/miraserra.org.br\/?attachment_id=2773\" class=\"wp-image-2773\" srcset=\"https:\/\/miraserra.org.br\/wp-content\/uploads\/2020\/10\/Captura-de-Tela-73-1024x576.png 1024w, https:\/\/miraserra.org.br\/wp-content\/uploads\/2020\/10\/Captura-de-Tela-73-300x169.png 300w, https:\/\/miraserra.org.br\/wp-content\/uploads\/2020\/10\/Captura-de-Tela-73-768x432.png 768w, https:\/\/miraserra.org.br\/wp-content\/uploads\/2020\/10\/Captura-de-Tela-73.png 1366w\" sizes=\"auto, (max-width: 1024px) 100vw, 1024px\" \/><\/figure><\/li><\/ul><\/figure>\n\n\n\n<p>As novas informa\u00e7\u00f5es, e as respostas aos questionamentos da MIRA-SERRA, ser\u00e3o de muita utilidade no enfrentamento de v\u00e1rias no cotidiano da entidade e nos colegiados\/coletivos em que tem assento. Lamentavelmente, o Comit\u00ea Estadual da Reserva da Biosfera da Mata Atl\u00e2ntica (CERBMA-RS) n\u00e3o foi contemplada com esta apresenta\u00e7\u00e3o em seus reiterados pedidos e nem cientificada pela SEMAS sobre esta oportunidade.<\/p>\n\n\n\n<div class=\"wp-block-image\"><figure class=\"alignright size-large is-resized\"><img loading=\"lazy\" decoding=\"async\" src=\"http:\/\/miraserra.org.br\/wp-content\/uploads\/2020\/10\/FAUNA-HELP-RS-1024x1024.jpg\" alt=\"\" class=\"wp-image-2769\" width=\"330\" height=\"330\" srcset=\"https:\/\/miraserra.org.br\/wp-content\/uploads\/2020\/10\/FAUNA-HELP-RS-1024x1024.jpg 1024w, https:\/\/miraserra.org.br\/wp-content\/uploads\/2020\/10\/FAUNA-HELP-RS-300x300.jpg 300w, https:\/\/miraserra.org.br\/wp-content\/uploads\/2020\/10\/FAUNA-HELP-RS-150x150.jpg 150w, https:\/\/miraserra.org.br\/wp-content\/uploads\/2020\/10\/FAUNA-HELP-RS-768x768.jpg 768w, https:\/\/miraserra.org.br\/wp-content\/uploads\/2020\/10\/FAUNA-HELP-RS.jpg 1280w\" sizes=\"auto, (max-width: 330px) 100vw, 330px\" \/><\/figure><\/div>\n\n\n\n<p>Entre os v\u00e1rios aspectos positivos, observa-se a a\u00e7\u00e3o para resgate de fauna silvestre nativa (ver e-card), bem como o acolhimento de sugest\u00f5es pret\u00e9ritas da MIRA-SERRA.<\/p>\n\n\n\n<p>De toda sorte, resta claro que a sociedade civil ambientalista faz parte da solu\u00e7\u00e3o nas pol\u00edticas p\u00fablicas ambientais de Estado. <\/p>\n\n\n\n<p>Reuni\u00e3o dispon\u00edvel em:<br><a href=\"https:\/\/www.facebook.com\/secretariadomeioambienters\/videos\/2779559852313808\" target=\"_blank\" rel=\"noreferrer noopener\">https:\/\/www.facebook.com\/secretariadomeioambienters\/videos\/2779559852313808<\/a><\/p>\n\n\n\n<p>E seja bem-vindo, Movimento Roessler, na 5a vaga ambientalista do CONSEMA!<br>Veja tamb\u00e9m: <a href=\"https:\/\/www.facebook.com\/ONGMiraSerra\/posts\/3868508199829973?__cft__[0]=AZVPnByDxN332sIoP14qLUrlg8hVNPJNww4uAg3DS0s3jh37dA11FE1rd_fyhUnZExpm-HbtZxJn3q2nQRstRSvdOkoWGXJJgASgygJfD7NoMQKrHxZYh31lk1XujMK1EXw8tDTEdv0velTec_QqousZKnmIOAfMuodFI7hN2brCppfEFai_rX0chBywotrUISY&amp;__tn__=-UK-R\">https:\/\/www.facebook.com\/401044756576352\/posts\/3868508199829973\/<\/a><\/p>\n","protected":false},"excerpt":{"rendered":"<p>Pautado pelo Inst. MIRA-SERRA, a reuni\u00e3o do CONSEMA contou com a apresenta\u00e7\u00e3o das atualiza\u00e7\u00f5es no Conv\u00eanio Mata Atl\u00e2ntica (Estado-Munic\u00edpio), realizada<\/p>\n","protected":false},"author":1,"featured_media":2774,"comment_status":"closed","ping_status":"closed","sticky":false,"template":"","format":"standard","meta":{"colormag_page_container_layout":"default_layout","colormag_page_sidebar_layout":"default_layout","_themeisle_gutenberg_block_has_review":false,"footnotes":""},"categories":[55,58,37,73],"tags":[124,252,166],"class_list":["post-2768","post","type-post","status-publish","format-standard","has-post-thumbnail","hentry","category-colegiados","category-consema-rs","category-mata-atlantica","category-noticias","tag-cerbma","tag-convenio-mata-atlantica","tag-mata-atlantica-2"],"_links":{"self":[{"href":"https:\/\/miraserra.org.br\/index.php\/wp-json\/wp\/v2\/posts\/2768","targetHints":{"allow":["GET"]}}],"collection":[{"href":"https:\/\/miraserra.org.br\/index.php\/wp-json\/wp\/v2\/posts"}],"about":[{"href":"https:\/\/miraserra.org.br\/index.php\/wp-json\/wp\/v2\/types\/post"}],"author":[{"embeddable":true,"href":"https:\/\/miraserra.org.br\/index.php\/wp-json\/wp\/v2\/users\/1"}],"replies":[{"embeddable":true,"href":"https:\/\/miraserra.org.br\/index.php\/wp-json\/wp\/v2\/comments?post=2768"}],"version-history":[{"count":3,"href":"https:\/\/miraserra.org.br\/index.php\/wp-json\/wp\/v2\/posts\/2768\/revisions"}],"predecessor-version":[{"id":2853,"href":"https:\/\/miraserra.org.br\/index.php\/wp-json\/wp\/v2\/posts\/2768\/revisions\/2853"}],"wp:featuredmedia":[{"embeddable":true,"href":"https:\/\/miraserra.org.br\/index.php\/wp-json\/wp\/v2\/media\/2774"}],"wp:attachment":[{"href":"https:\/\/miraserra.org.br\/index.php\/wp-json\/wp\/v2\/media?parent=2768"}],"wp:term":[{"taxonomy":"category","embeddable":true,"href":"https:\/\/miraserra.org.br\/index.php\/wp-json\/wp\/v2\/categories?post=2768"},{"taxonomy":"post_tag","embeddable":true,"href":"https:\/\/miraserra.org.br\/index.php\/wp-json\/wp\/v2\/tags?post=2768"}],"curies":[{"name":"wp","href":"https:\/\/api.w.org\/{rel}","templated":true}]}}