{"id":2776,"date":"2020-09-18T18:31:21","date_gmt":"2020-09-18T21:31:21","guid":{"rendered":"http:\/\/miraserra.org.br\/?p=2776"},"modified":"2020-10-08T18:36:05","modified_gmt":"2020-10-08T21:36:05","slug":"apedema-rs-e-a-democracia-no-consema","status":"publish","type":"post","link":"https:\/\/miraserra.org.br\/index.php\/2020\/09\/18\/apedema-rs-e-a-democracia-no-consema\/","title":{"rendered":"APEDeMA-RS e democracia no CONSEMA"},"content":{"rendered":"\n<div class=\"wp-block-image\"><figure class=\"alignright size-large is-resized\"><img loading=\"lazy\" decoding=\"async\" src=\"http:\/\/miraserra.org.br\/wp-content\/uploads\/2020\/10\/119479175_3868508066496653_3330883709226779269_o-485x1024.jpg\" alt=\"\" class=\"wp-image-2780\" width=\"226\" height=\"477\" srcset=\"https:\/\/miraserra.org.br\/wp-content\/uploads\/2020\/10\/119479175_3868508066496653_3330883709226779269_o-485x1024.jpg 485w, https:\/\/miraserra.org.br\/wp-content\/uploads\/2020\/10\/119479175_3868508066496653_3330883709226779269_o-142x300.jpg 142w, https:\/\/miraserra.org.br\/wp-content\/uploads\/2020\/10\/119479175_3868508066496653_3330883709226779269_o.jpg 640w\" sizes=\"auto, (max-width: 226px) 100vw, 226px\" \/><\/figure><\/div>\n\n\n\n<p class=\"has-drop-cap\">As a\u00e7\u00f5es articuladas pela coordena\u00e7\u00e3o do coletivo (AIPAN, Movimento Roessler e MIRA-SERRA) foram decisivas no processo eleitoral para a 5a vaga ambientalista. <\/p>\n\n\n\n<p>Foi necess\u00e1rio encaminhar representa\u00e7\u00e3o ao MP, atuar firmemente nas plen\u00e1rias do CONSEMA-RS bem como na da C\u00e2mara T\u00e9cnica de Assuntos Jur\u00eddicos daquele colegiado. <\/p>\n\n\n\n<p>Finalmente, na data de hoje, a reuni\u00e3o virtual entre as entidades candidatas (propiciada pela SEMAS-RS) elegeu, por unanimidade, o MOVIMENTO ROESSLER para a 5a vaga ambientalista, se unindo \u00e0 MIRA-SERRA, UPAN, IGRE e AGRUPA no CONSEMA-RS.<\/p>\n\n\n\n<p>V\u00e1rias reuni\u00f5es virtuais entre ONGs, associadas ou n\u00e3o, \u00e0 APEDEMA-RS discutiram a tentativa de inger\u00eancia na indica\u00e7\u00e3o \u00e0 composi\u00e7\u00e3o da sociedade civil no CONSEMA. <\/p>\n\n\n\n<p><\/p>\n\n\n\n<div class=\"wp-block-group\"><div class=\"wp-block-group__inner-container is-layout-flow wp-block-group-is-layout-flow\">\n<figure class=\"wp-block-gallery columns-2 is-cropped wp-block-gallery-1 is-layout-flex wp-block-gallery-is-layout-flex\"><ul class=\"blocks-gallery-grid\"><li class=\"blocks-gallery-item\"><figure><img loading=\"lazy\" decoding=\"async\" width=\"960\" height=\"512\" src=\"http:\/\/miraserra.org.br\/wp-content\/uploads\/2020\/10\/119635496_3868508159829977_7437804030991592415_n.jpg\" alt=\"\" data-id=\"2777\" data-link=\"http:\/\/miraserra.org.br\/?attachment_id=2777\" class=\"wp-image-2777\" srcset=\"https:\/\/miraserra.org.br\/wp-content\/uploads\/2020\/10\/119635496_3868508159829977_7437804030991592415_n.jpg 960w, https:\/\/miraserra.org.br\/wp-content\/uploads\/2020\/10\/119635496_3868508159829977_7437804030991592415_n-300x160.jpg 300w, https:\/\/miraserra.org.br\/wp-content\/uploads\/2020\/10\/119635496_3868508159829977_7437804030991592415_n-768x410.jpg 768w\" sizes=\"auto, (max-width: 960px) 100vw, 960px\" \/><\/figure><\/li><li class=\"blocks-gallery-item\"><figure><img loading=\"lazy\" decoding=\"async\" width=\"1024\" height=\"576\" src=\"http:\/\/miraserra.org.br\/wp-content\/uploads\/2020\/10\/Captura-de-Tela-43-1024x576.png\" alt=\"\" data-id=\"2779\" data-full-url=\"http:\/\/miraserra.org.br\/wp-content\/uploads\/2020\/10\/Captura-de-Tela-43.png\" data-link=\"http:\/\/miraserra.org.br\/?attachment_id=2779\" class=\"wp-image-2779\" srcset=\"https:\/\/miraserra.org.br\/wp-content\/uploads\/2020\/10\/Captura-de-Tela-43-1024x576.png 1024w, https:\/\/miraserra.org.br\/wp-content\/uploads\/2020\/10\/Captura-de-Tela-43-300x169.png 300w, https:\/\/miraserra.org.br\/wp-content\/uploads\/2020\/10\/Captura-de-Tela-43-768x432.png 768w, https:\/\/miraserra.org.br\/wp-content\/uploads\/2020\/10\/Captura-de-Tela-43.png 1366w\" sizes=\"auto, (max-width: 1024px) 100vw, 1024px\" \/><\/figure><\/li><\/ul><\/figure>\n<\/div><\/div>\n","protected":false},"excerpt":{"rendered":"<p>As a\u00e7\u00f5es articuladas pela coordena\u00e7\u00e3o do coletivo (AIPAN, Movimento Roessler e MIRA-SERRA) foram decisivas no processo eleitoral para a 5a<\/p>\n","protected":false},"author":1,"featured_media":2779,"comment_status":"closed","ping_status":"closed","sticky":false,"template":"","format":"standard","meta":{"colormag_page_container_layout":"default_layout","colormag_page_sidebar_layout":"default_layout","_themeisle_gutenberg_block_has_review":false,"footnotes":""},"categories":[55,58,73],"tags":[265,213,177,214],"class_list":["post-2776","post","type-post","status-publish","format-standard","has-post-thumbnail","hentry","category-colegiados","category-consema-rs","category-noticias","tag-5a-vaga","tag-ambientalistas","tag-apedema-rs","tag-vaga-ambientalista"],"_links":{"self":[{"href":"https:\/\/miraserra.org.br\/index.php\/wp-json\/wp\/v2\/posts\/2776","targetHints":{"allow":["GET"]}}],"collection":[{"href":"https:\/\/miraserra.org.br\/index.php\/wp-json\/wp\/v2\/posts"}],"about":[{"href":"https:\/\/miraserra.org.br\/index.php\/wp-json\/wp\/v2\/types\/post"}],"author":[{"embeddable":true,"href":"https:\/\/miraserra.org.br\/index.php\/wp-json\/wp\/v2\/users\/1"}],"replies":[{"embeddable":true,"href":"https:\/\/miraserra.org.br\/index.php\/wp-json\/wp\/v2\/comments?post=2776"}],"version-history":[{"count":2,"href":"https:\/\/miraserra.org.br\/index.php\/wp-json\/wp\/v2\/posts\/2776\/revisions"}],"predecessor-version":[{"id":2782,"href":"https:\/\/miraserra.org.br\/index.php\/wp-json\/wp\/v2\/posts\/2776\/revisions\/2782"}],"wp:featuredmedia":[{"embeddable":true,"href":"https:\/\/miraserra.org.br\/index.php\/wp-json\/wp\/v2\/media\/2779"}],"wp:attachment":[{"href":"https:\/\/miraserra.org.br\/index.php\/wp-json\/wp\/v2\/media?parent=2776"}],"wp:term":[{"taxonomy":"category","embeddable":true,"href":"https:\/\/miraserra.org.br\/index.php\/wp-json\/wp\/v2\/categories?post=2776"},{"taxonomy":"post_tag","embeddable":true,"href":"https:\/\/miraserra.org.br\/index.php\/wp-json\/wp\/v2\/tags?post=2776"}],"curies":[{"name":"wp","href":"https:\/\/api.w.org\/{rel}","templated":true}]}}