{"id":2785,"date":"2020-10-12T23:17:59","date_gmt":"2020-10-13T02:17:59","guid":{"rendered":"http:\/\/miraserra.org.br\/?p=2785"},"modified":"2020-10-13T00:16:30","modified_gmt":"2020-10-13T03:16:30","slug":"imperdivel","status":"publish","type":"post","link":"https:\/\/miraserra.org.br\/index.php\/2020\/10\/12\/imperdivel\/","title":{"rendered":"IMPERD\u00cdVEL!"},"content":{"rendered":"\n<p class=\"has-text-color has-background has-text-align-center has-medium-font-size has-very-dark-gray-color has-light-green-cyan-background-color\"><strong>Instituto MIRA-SERRA e <\/strong> <strong>APEDeMA-RS <\/strong><br><strong>apoiam o VI Congresso Brasileiro de RPPNs!<\/strong><\/p>\n\n\n\n<figure class=\"wp-block-image alignwide size-large\"><img loading=\"lazy\" decoding=\"async\" width=\"709\" height=\"1024\" src=\"http:\/\/miraserra.org.br\/wp-content\/uploads\/2020\/10\/Congresso-RPPN-1-709x1024.jpg\" alt=\"\" class=\"wp-image-2787\" srcset=\"https:\/\/miraserra.org.br\/wp-content\/uploads\/2020\/10\/Congresso-RPPN-1-709x1024.jpg 709w, https:\/\/miraserra.org.br\/wp-content\/uploads\/2020\/10\/Congresso-RPPN-1-208x300.jpg 208w, https:\/\/miraserra.org.br\/wp-content\/uploads\/2020\/10\/Congresso-RPPN-1.jpg 720w\" sizes=\"auto, (max-width: 709px) 100vw, 709px\" \/><\/figure>\n\n\n\n<p class=\"has-text-color has-background has-text-align-center has-medium-font-size has-vivid-cyan-blue-color has-very-light-gray-background-color\"><a href=\"https:\/\/www.oeco.org.br\/blogs\/palmilhando\/rppns-em-conectividade-com-a-rede-brasileira-de-trilhas-de-longo-curso\/\"><strong>Conhe\u00e7a a import\u00e2ncia das RPPNs<\/strong><\/a><strong> <\/strong><br>e a <br><strong><a href=\"http:\/\/miraserra.org.br\/index.php\/2020\/09\/19\/mira-serra-nas-trilhas\/\">conectividade por trilhas<\/a><\/strong><\/p>\n\n\n\n<p class=\"has-text-align-center has-medium-font-size\"><strong>Saiba mais sobre a <a rel=\"noreferrer noopener\" href=\"http:\/\/www.miraserra.org.br\/site\/plano_manejo_dou.htm\" target=\"_blank\">RPPN Mira-Serra <\/a>em S\u00e3o Francisco de Paula (RS) que junto ao Instituto MIRA-SERRA, \u00e9 Posto Avan\u00e7ado da Reserva da Biosfera da Mata Atl\u00e2ntica, <\/strong><br><strong>subsumida em Zona N\u00facleo da  RBMA (MaB-UNESCO)<\/strong>.<\/p>\n","protected":false},"excerpt":{"rendered":"<p>Instituto MIRA-SERRA e APEDeMA-RS apoiam o VI Congresso Brasileiro de RPPNs! Conhe\u00e7a a import\u00e2ncia das RPPNs e a conectividade por<\/p>\n","protected":false},"author":1,"featured_media":2787,"comment_status":"closed","ping_status":"closed","sticky":false,"template":"","format":"standard","meta":{"colormag_page_container_layout":"default_layout","colormag_page_sidebar_layout":"default_layout","_themeisle_gutenberg_block_has_review":false,"footnotes":""},"categories":[26,73,36],"tags":[266],"class_list":["post-2785","post","type-post","status-publish","format-standard","has-post-thumbnail","hentry","category-eventos","category-noticias","category-rppn","tag-congresso"],"_links":{"self":[{"href":"https:\/\/miraserra.org.br\/index.php\/wp-json\/wp\/v2\/posts\/2785","targetHints":{"allow":["GET"]}}],"collection":[{"href":"https:\/\/miraserra.org.br\/index.php\/wp-json\/wp\/v2\/posts"}],"about":[{"href":"https:\/\/miraserra.org.br\/index.php\/wp-json\/wp\/v2\/types\/post"}],"author":[{"embeddable":true,"href":"https:\/\/miraserra.org.br\/index.php\/wp-json\/wp\/v2\/users\/1"}],"replies":[{"embeddable":true,"href":"https:\/\/miraserra.org.br\/index.php\/wp-json\/wp\/v2\/comments?post=2785"}],"version-history":[{"count":3,"href":"https:\/\/miraserra.org.br\/index.php\/wp-json\/wp\/v2\/posts\/2785\/revisions"}],"predecessor-version":[{"id":2812,"href":"https:\/\/miraserra.org.br\/index.php\/wp-json\/wp\/v2\/posts\/2785\/revisions\/2812"}],"wp:featuredmedia":[{"embeddable":true,"href":"https:\/\/miraserra.org.br\/index.php\/wp-json\/wp\/v2\/media\/2787"}],"wp:attachment":[{"href":"https:\/\/miraserra.org.br\/index.php\/wp-json\/wp\/v2\/media?parent=2785"}],"wp:term":[{"taxonomy":"category","embeddable":true,"href":"https:\/\/miraserra.org.br\/index.php\/wp-json\/wp\/v2\/categories?post=2785"},{"taxonomy":"post_tag","embeddable":true,"href":"https:\/\/miraserra.org.br\/index.php\/wp-json\/wp\/v2\/tags?post=2785"}],"curies":[{"name":"wp","href":"https:\/\/api.w.org\/{rel}","templated":true}]}}