{"id":2798,"date":"2020-10-05T23:50:11","date_gmt":"2020-10-06T02:50:11","guid":{"rendered":"http:\/\/miraserra.org.br\/?p=2798"},"modified":"2020-10-12T23:51:46","modified_gmt":"2020-10-13T02:51:46","slug":"vistoria-do-mp-confirma","status":"publish","type":"post","link":"https:\/\/miraserra.org.br\/index.php\/2020\/10\/05\/vistoria-do-mp-confirma\/","title":{"rendered":"VISTORIA DO MP CONFIRMA!"},"content":{"rendered":"\n<p><strong>Boas not\u00edcias entre os dias dos animais e o da aves: vistoria realizada por ge\u00f3logo do Minist\u00e9rio P\u00fablico, em 3\/9, confirmou a den\u00fancia ambiental protocolada pela MIRA-SERRA, referente \u00e0 interven\u00e7\u00e3o em nascentes, em Alto Feliz (RS).<\/strong><\/p>\n\n\n\n<figure class=\"wp-block-image\"><img decoding=\"async\" src=\"http:\/\/miraserra.org.br\/wp-content\/uploads\/2020\/10\/mp-AF.jpg\" alt=\"This image has an empty alt attribute; its file name is mp-AF.jpg\"\/><\/figure>\n\n\n\n<p><strong>As medidas judiciais est\u00e3o sendo tomadas&#8230;<\/strong><\/p>\n\n\n\n<p><strong>Equipe da MIRA-SERRA acompanhou Minist\u00e9rio P\u00fablico em inspe\u00e7\u00e3o para apurar danos em nascentes, no munic\u00edpio de Alto Feliz. A\u00e7\u00e3o judicial em curso.<\/strong><\/p>\n\n\n\n<figure class=\"wp-block-gallery columns-3 is-cropped wp-block-gallery-1 is-layout-flex wp-block-gallery-is-layout-flex\"><ul class=\"blocks-gallery-grid\"><li class=\"blocks-gallery-item\"><figure><img loading=\"lazy\" decoding=\"async\" width=\"960\" height=\"720\" src=\"http:\/\/miraserra.org.br\/wp-content\/uploads\/2020\/10\/equipe-af-1.jpg\" alt=\"\" data-id=\"2799\" data-full-url=\"http:\/\/miraserra.org.br\/wp-content\/uploads\/2020\/10\/equipe-af-1.jpg\" data-link=\"http:\/\/miraserra.org.br\/?attachment_id=2799\" class=\"wp-image-2799\" srcset=\"https:\/\/miraserra.org.br\/wp-content\/uploads\/2020\/10\/equipe-af-1.jpg 960w, https:\/\/miraserra.org.br\/wp-content\/uploads\/2020\/10\/equipe-af-1-300x225.jpg 300w, https:\/\/miraserra.org.br\/wp-content\/uploads\/2020\/10\/equipe-af-1-768x576.jpg 768w\" sizes=\"auto, (max-width: 960px) 100vw, 960px\" \/><\/figure><\/li><li class=\"blocks-gallery-item\"><figure><img loading=\"lazy\" decoding=\"async\" width=\"960\" height=\"542\" src=\"http:\/\/miraserra.org.br\/wp-content\/uploads\/2020\/10\/af-vistoria-mp-1.jpg\" alt=\"\" data-id=\"2800\" data-full-url=\"http:\/\/miraserra.org.br\/wp-content\/uploads\/2020\/10\/af-vistoria-mp-1.jpg\" data-link=\"http:\/\/miraserra.org.br\/?attachment_id=2800\" class=\"wp-image-2800\" srcset=\"https:\/\/miraserra.org.br\/wp-content\/uploads\/2020\/10\/af-vistoria-mp-1.jpg 960w, https:\/\/miraserra.org.br\/wp-content\/uploads\/2020\/10\/af-vistoria-mp-1-300x169.jpg 300w, https:\/\/miraserra.org.br\/wp-content\/uploads\/2020\/10\/af-vistoria-mp-1-768x434.jpg 768w\" sizes=\"auto, (max-width: 960px) 100vw, 960px\" \/><\/figure><\/li><li class=\"blocks-gallery-item\"><figure><img loading=\"lazy\" decoding=\"async\" width=\"960\" height=\"720\" src=\"http:\/\/miraserra.org.br\/wp-content\/uploads\/2020\/10\/carro-mp-af-1.jpg\" alt=\"\" data-id=\"2801\" data-full-url=\"http:\/\/miraserra.org.br\/wp-content\/uploads\/2020\/10\/carro-mp-af-1.jpg\" data-link=\"http:\/\/miraserra.org.br\/?attachment_id=2801\" class=\"wp-image-2801\" srcset=\"https:\/\/miraserra.org.br\/wp-content\/uploads\/2020\/10\/carro-mp-af-1.jpg 960w, https:\/\/miraserra.org.br\/wp-content\/uploads\/2020\/10\/carro-mp-af-1-300x225.jpg 300w, https:\/\/miraserra.org.br\/wp-content\/uploads\/2020\/10\/carro-mp-af-1-768x576.jpg 768w\" sizes=\"auto, (max-width: 960px) 100vw, 960px\" \/><\/figure><\/li><\/ul><\/figure>\n\n\n\n<p><strong>Saiba mais sobre o caso em:<br><a rel=\"noreferrer noopener\" href=\"http:\/\/miraserra.org.br\/index.php\/2020\/06\/23\/colentando-provas\/?fbclid=IwAR3ph7inEsJBkQ4uVYPcT98uW_nuSUgGRJtyMhLQQp5-3ZxBJfxpwyPFR6g\" target=\"_blank\">http:\/\/miraserra.org.br\/ind&#8230;\/2020\/06\/23\/colentando-provas\/<\/a><\/strong><\/p>\n","protected":false},"excerpt":{"rendered":"<p>Boas not\u00edcias entre os dias dos animais e o da aves: vistoria realizada por ge\u00f3logo do Minist\u00e9rio P\u00fablico, em 3\/9,<\/p>\n","protected":false},"author":1,"featured_media":2799,"comment_status":"closed","ping_status":"closed","sticky":false,"template":"","format":"standard","meta":{"colormag_page_container_layout":"default_layout","colormag_page_sidebar_layout":"default_layout","_themeisle_gutenberg_block_has_review":false,"footnotes":""},"categories":[59,44,73],"tags":[202,205,178,268],"class_list":["post-2798","post","type-post","status-publish","format-standard","has-post-thumbnail","hentry","category-comites-de-bacia-hidrografica","category-mp","category-noticias","tag-alto-feliz","tag-cai","tag-ministerio-publico","tag-nascentes"],"_links":{"self":[{"href":"https:\/\/miraserra.org.br\/index.php\/wp-json\/wp\/v2\/posts\/2798","targetHints":{"allow":["GET"]}}],"collection":[{"href":"https:\/\/miraserra.org.br\/index.php\/wp-json\/wp\/v2\/posts"}],"about":[{"href":"https:\/\/miraserra.org.br\/index.php\/wp-json\/wp\/v2\/types\/post"}],"author":[{"embeddable":true,"href":"https:\/\/miraserra.org.br\/index.php\/wp-json\/wp\/v2\/users\/1"}],"replies":[{"embeddable":true,"href":"https:\/\/miraserra.org.br\/index.php\/wp-json\/wp\/v2\/comments?post=2798"}],"version-history":[{"count":1,"href":"https:\/\/miraserra.org.br\/index.php\/wp-json\/wp\/v2\/posts\/2798\/revisions"}],"predecessor-version":[{"id":2802,"href":"https:\/\/miraserra.org.br\/index.php\/wp-json\/wp\/v2\/posts\/2798\/revisions\/2802"}],"wp:featuredmedia":[{"embeddable":true,"href":"https:\/\/miraserra.org.br\/index.php\/wp-json\/wp\/v2\/media\/2799"}],"wp:attachment":[{"href":"https:\/\/miraserra.org.br\/index.php\/wp-json\/wp\/v2\/media?parent=2798"}],"wp:term":[{"taxonomy":"category","embeddable":true,"href":"https:\/\/miraserra.org.br\/index.php\/wp-json\/wp\/v2\/categories?post=2798"},{"taxonomy":"post_tag","embeddable":true,"href":"https:\/\/miraserra.org.br\/index.php\/wp-json\/wp\/v2\/tags?post=2798"}],"curies":[{"name":"wp","href":"https:\/\/api.w.org\/{rel}","templated":true}]}}