{"id":2833,"date":"2020-10-02T01:13:59","date_gmt":"2020-10-02T04:13:59","guid":{"rendered":"http:\/\/miraserra.org.br\/?p=2833"},"modified":"2020-10-13T01:23:27","modified_gmt":"2020-10-13T04:23:27","slug":"resistir-e-preciso-e-urgente","status":"publish","type":"post","link":"https:\/\/miraserra.org.br\/index.php\/2020\/10\/02\/resistir-e-preciso-e-urgente\/","title":{"rendered":"RESISTIR \u00c9 PRECISO E URGENTE"},"content":{"rendered":"\n<p class=\"has-background has-text-align-center has-luminous-vivid-amber-background-color\"><strong>Coordenadores do PROAM (SP) e do Inst. MIRA-SERRA (RS) abordam o marco zero do colapso na gest\u00e3o ambiental brasileira<br><a rel=\"noreferrer noopener\" href=\"http:\/\/www.epsjv.fiocruz.br\/noticias\/reportagem\/polemica-no-conama-reacende-debate-sobre-participacao-social?fbclid=IwAR3t7Thk40tibrImlVUT6rPcPvk1Tk0m6P9ymvUcRohtVNLIG2X6wfbxLyg\" target=\"_blank\">http:\/\/www.epsjv.fiocruz.br\/&#8230;\/polemica-no-conama&#8230;<\/a><\/strong><\/p>\n\n\n\n<figure class=\"wp-block-image size-large\"><img loading=\"lazy\" decoding=\"async\" width=\"480\" height=\"270\" src=\"http:\/\/miraserra.org.br\/wp-content\/uploads\/2019\/07\/13645257_1341390222541796_8699995510834081009_n.jpg\" alt=\"\" class=\"wp-image-1829\" srcset=\"https:\/\/miraserra.org.br\/wp-content\/uploads\/2019\/07\/13645257_1341390222541796_8699995510834081009_n.jpg 480w, https:\/\/miraserra.org.br\/wp-content\/uploads\/2019\/07\/13645257_1341390222541796_8699995510834081009_n-300x169.jpg 300w\" sizes=\"auto, (max-width: 480px) 100vw, 480px\" \/><\/figure>\n\n\n\n<p>CONAMA pautou a revoga\u00e7\u00e3o de Resolu\u00e7\u00f5es protetivas (<a rel=\"noreferrer noopener\" href=\"https:\/\/g1.globo.com\/globonews\/jornal-das-dez\/video\/normas-de-protecao-de-terras-agua-e-ar-devem-ser-revogadas-8892186.ghtml?fbclid=IwAR1F0ljmWXxjRBP1y87eeRksjBw2Ykj-5iz46_cKLKXWsev6b3HyfCl41xI\" target=\"_blank\">https:\/\/g1.globo.com\/&#8230;\/normas-de-protecao-de-terras&#8230;<\/a>&#8220;) e incluiu nova norma, temer\u00e1ria.<\/p>\n\n\n\n<p>Todas as propostas, que em nada beneficiam o ambiente e seus habitantes, foram aprovadas em tempo recorde.<\/p>\n\n\n\n<p>A MIRA-SERRA, &#8220;deposta&#8221; do CONAMA pelo sorteio implementado, e enquanto integrante da coordena\u00e7\u00e3o tripartite da APEDeMa-RS, se uniu a mais duas entidades ex-conselheiras do CONAMA para ajuizar medida cautelar.<\/p>\n\n\n\n<p>Embora sem alcan\u00e7ar \u00eaxito, seguimos com os encaminhamentos cab\u00edveis.<\/p>\n\n\n\n<figure class=\"wp-block-image size-large\"><img loading=\"lazy\" decoding=\"async\" width=\"794\" height=\"489\" src=\"http:\/\/miraserra.org.br\/wp-content\/uploads\/2020\/10\/nota-apedema-conama.jpg\" alt=\"\" class=\"wp-image-2834\" srcset=\"https:\/\/miraserra.org.br\/wp-content\/uploads\/2020\/10\/nota-apedema-conama.jpg 794w, https:\/\/miraserra.org.br\/wp-content\/uploads\/2020\/10\/nota-apedema-conama-300x185.jpg 300w, https:\/\/miraserra.org.br\/wp-content\/uploads\/2020\/10\/nota-apedema-conama-768x473.jpg 768w\" sizes=\"auto, (max-width: 794px) 100vw, 794px\" \/><\/figure>\n","protected":false},"excerpt":{"rendered":"<p>Coordenadores do PROAM (SP) e do Inst. MIRA-SERRA (RS) abordam o marco zero do colapso na gest\u00e3o ambiental brasileirahttp:\/\/www.epsjv.fiocruz.br\/&#8230;\/polemica-no-conama&#8230; CONAMA<\/p>\n","protected":false},"author":1,"featured_media":1646,"comment_status":"closed","ping_status":"closed","sticky":false,"template":"","format":"standard","meta":{"colormag_page_container_layout":"default_layout","colormag_page_sidebar_layout":"default_layout","_themeisle_gutenberg_block_has_review":false,"footnotes":""},"categories":[56,44,73],"tags":[177,275,277,274,276],"class_list":["post-2833","post","type-post","status-publish","format-standard","has-post-thumbnail","hentry","category-conama","category-mp","category-noticias","tag-apedema-rs","tag-conama","tag-conselheiros","tag-mp","tag-ongs"],"_links":{"self":[{"href":"https:\/\/miraserra.org.br\/index.php\/wp-json\/wp\/v2\/posts\/2833","targetHints":{"allow":["GET"]}}],"collection":[{"href":"https:\/\/miraserra.org.br\/index.php\/wp-json\/wp\/v2\/posts"}],"about":[{"href":"https:\/\/miraserra.org.br\/index.php\/wp-json\/wp\/v2\/types\/post"}],"author":[{"embeddable":true,"href":"https:\/\/miraserra.org.br\/index.php\/wp-json\/wp\/v2\/users\/1"}],"replies":[{"embeddable":true,"href":"https:\/\/miraserra.org.br\/index.php\/wp-json\/wp\/v2\/comments?post=2833"}],"version-history":[{"count":2,"href":"https:\/\/miraserra.org.br\/index.php\/wp-json\/wp\/v2\/posts\/2833\/revisions"}],"predecessor-version":[{"id":2837,"href":"https:\/\/miraserra.org.br\/index.php\/wp-json\/wp\/v2\/posts\/2833\/revisions\/2837"}],"wp:featuredmedia":[{"embeddable":true,"href":"https:\/\/miraserra.org.br\/index.php\/wp-json\/wp\/v2\/media\/1646"}],"wp:attachment":[{"href":"https:\/\/miraserra.org.br\/index.php\/wp-json\/wp\/v2\/media?parent=2833"}],"wp:term":[{"taxonomy":"category","embeddable":true,"href":"https:\/\/miraserra.org.br\/index.php\/wp-json\/wp\/v2\/categories?post=2833"},{"taxonomy":"post_tag","embeddable":true,"href":"https:\/\/miraserra.org.br\/index.php\/wp-json\/wp\/v2\/tags?post=2833"}],"curies":[{"name":"wp","href":"https:\/\/api.w.org\/{rel}","templated":true}]}}