{"id":2838,"date":"2020-09-21T23:35:30","date_gmt":"2020-09-22T02:35:30","guid":{"rendered":"http:\/\/miraserra.org.br\/?p=2838"},"modified":"2020-10-13T01:47:39","modified_gmt":"2020-10-13T04:47:39","slug":"mais-fogofumaca-nos-parnas","status":"publish","type":"post","link":"https:\/\/miraserra.org.br\/index.php\/2020\/09\/21\/mais-fogofumaca-nos-parnas\/","title":{"rendered":"MAIS FOGO&#038;FUMA\u00c7A NOS ParNas"},"content":{"rendered":"\n<p>Na tarde deste <a href=\"http:\/\/miraserra.org.br\/index.php\/2020\/09\/21\/dia-da-arvore-2020\/\">DIA da \u00c1RVORE<\/a>, a MIRA-SERRA foi acionada por conta de inc\u00eandios dentro do Parque Nacional Serra Geral. <\/p>\n\n\n\n<p>Custa crer que alternativas modernas e consolidadas sejam descartadas em favor do fogo &#8211; por alguns \u00f3rg\u00e3os ambientais, a exemplo do ocorrido. <\/p>\n\n\n\n<figure class=\"wp-block-image size-large\"><img loading=\"lazy\" decoding=\"async\" width=\"1024\" height=\"539\" src=\"http:\/\/miraserra.org.br\/wp-content\/uploads\/2020\/10\/queimada-parnas-sc-1024x539.jpg\" alt=\"\" class=\"wp-image-2840\" srcset=\"https:\/\/miraserra.org.br\/wp-content\/uploads\/2020\/10\/queimada-parnas-sc-1024x539.jpg 1024w, https:\/\/miraserra.org.br\/wp-content\/uploads\/2020\/10\/queimada-parnas-sc-300x158.jpg 300w, https:\/\/miraserra.org.br\/wp-content\/uploads\/2020\/10\/queimada-parnas-sc-768x404.jpg 768w, https:\/\/miraserra.org.br\/wp-content\/uploads\/2020\/10\/queimada-parnas-sc-390x205.jpg 390w, https:\/\/miraserra.org.br\/wp-content\/uploads\/2020\/10\/queimada-parnas-sc.jpg 1079w\" sizes=\"auto, (max-width: 1024px) 100vw, 1024px\" \/><\/figure>\n\n\n\n<p>N\u00e3o bastam Pantanal e Amaz\u00f4nia? N\u00e3o se percebeu nenhum movimento de brigadistas <\/p>\n\n\n\n<p><strong>Sobre a atua\u00e7\u00e3o da ONG nos Parques Nacionais, visite:<\/strong><br><a rel=\"noreferrer noopener\" href=\"http:\/\/miraserra.org.br\/index.php\/category\/colegiados\/parnas\/?fbclid=IwAR1FKVkgTCbV_9D-YOJvlp5VctO9c---8XJERJMWzsypdWUZhfieluSehf4\" target=\"_blank\">http:\/\/miraserra.org.br\/index&#8230;\/category\/colegiados\/parnas\/<\/a><\/p>\n","protected":false},"excerpt":{"rendered":"<p>Na tarde deste DIA da \u00c1RVORE, a MIRA-SERRA foi acionada por conta de inc\u00eandios dentro do Parque Nacional Serra Geral.<\/p>\n","protected":false},"author":1,"featured_media":2841,"comment_status":"closed","ping_status":"closed","sticky":false,"template":"","format":"standard","meta":{"colormag_page_container_layout":"default_layout","colormag_page_sidebar_layout":"default_layout","_themeisle_gutenberg_block_has_review":false,"footnotes":""},"categories":[37,35],"tags":[128,112],"class_list":["post-2838","post","type-post","status-publish","format-standard","has-post-thumbnail","hentry","category-mata-atlantica","category-parnas","tag-incendio","tag-parques-nacionais"],"_links":{"self":[{"href":"https:\/\/miraserra.org.br\/index.php\/wp-json\/wp\/v2\/posts\/2838","targetHints":{"allow":["GET"]}}],"collection":[{"href":"https:\/\/miraserra.org.br\/index.php\/wp-json\/wp\/v2\/posts"}],"about":[{"href":"https:\/\/miraserra.org.br\/index.php\/wp-json\/wp\/v2\/types\/post"}],"author":[{"embeddable":true,"href":"https:\/\/miraserra.org.br\/index.php\/wp-json\/wp\/v2\/users\/1"}],"replies":[{"embeddable":true,"href":"https:\/\/miraserra.org.br\/index.php\/wp-json\/wp\/v2\/comments?post=2838"}],"version-history":[{"count":3,"href":"https:\/\/miraserra.org.br\/index.php\/wp-json\/wp\/v2\/posts\/2838\/revisions"}],"predecessor-version":[{"id":2849,"href":"https:\/\/miraserra.org.br\/index.php\/wp-json\/wp\/v2\/posts\/2838\/revisions\/2849"}],"wp:featuredmedia":[{"embeddable":true,"href":"https:\/\/miraserra.org.br\/index.php\/wp-json\/wp\/v2\/media\/2841"}],"wp:attachment":[{"href":"https:\/\/miraserra.org.br\/index.php\/wp-json\/wp\/v2\/media?parent=2838"}],"wp:term":[{"taxonomy":"category","embeddable":true,"href":"https:\/\/miraserra.org.br\/index.php\/wp-json\/wp\/v2\/categories?post=2838"},{"taxonomy":"post_tag","embeddable":true,"href":"https:\/\/miraserra.org.br\/index.php\/wp-json\/wp\/v2\/tags?post=2838"}],"curies":[{"name":"wp","href":"https:\/\/api.w.org\/{rel}","templated":true}]}}