{"id":2871,"date":"2018-04-14T18:53:25","date_gmt":"2018-04-14T21:53:25","guid":{"rendered":"http:\/\/miraserra.org.br\/?p=2871"},"modified":"2020-10-14T02:10:16","modified_gmt":"2020-10-14T05:10:16","slug":"ong-rppn-sinergia-para-resultados","status":"publish","type":"post","link":"https:\/\/miraserra.org.br\/index.php\/2018\/04\/14\/ong-rppn-sinergia-para-resultados\/","title":{"rendered":"ONG &#038; RPPN: sinergia para resultados"},"content":{"rendered":"\n<p>A <strong>RPPN MIRA-SERRA<\/strong> est\u00e1 localizada no Vale do Rio Padilha &#8211; S\u00e3o Francisco de Paula (<a rel=\"noreferrer noopener\" href=\"http:\/\/www.miraserra.org.br\/site\/rppn.html\" target=\"_blank\">veja mais sobre esta Unidade de Conserva\u00e7\u00e3o<\/a>). De propriedade do Arq. Esp. Rog\u00e9rio Mongelos, obteve avan\u00e7os em v\u00e1rios campos junto \u00e0 <strong>ONG MIRA-SERRA<\/strong> &#8211; fundada poucos anos depois do reconhecimento das terras como uma RPPN.<\/p>\n\n\n\n<p>Participante do workshop aberto para elabora\u00e7\u00e3o do roteiro metodol\u00f3gico dos planos de manejo de RPPNs, ocorrido em Bras\u00edlia (2004), somente em 2009 foi poss\u00edvel concluir o plano de manejo da RPPN MIRA-SERRA &#8211; devido, basicamente, \u00e0s amea\u00e7as de grileiro \u00e0 equipe da ONG.<\/p>\n\n\n\n<p>Finalmente, ap\u00f3s obst\u00e1culos diversos, o plano de manejo foi aprovado no segundo semestre de 2009 sendo publicada na&nbsp;<strong>PORTARIA N\u00ba 14, DE 8 DE FEVEREIRO DE 2010<\/strong> (<em>\u00edntegra no final desta p\u00e1gina<\/em>). Ai\u00e1s, foi o primeiro Plano de Manejo do Rio Grande do Sul a ser aprovado pelo ICMBio.<\/p>\n\n\n\n<p>Durante mais de uma d\u00e9cada a ONG MIRA-SERRA tem coletado dados e realizado pesquisa na regi\u00e3o do vale, culminando no <strong>reconhecimento pela UNESCO<\/strong> (programa <em>Man and Biosphere<\/em>),na Cor\u00e9ia em 2009, como ZONA N\u00daCLEO DA&nbsp;<a rel=\"noreferrer noopener\" href=\"http:\/\/www.miraserra.org.br\/site\/rbma.htm\" target=\"_blank\">RESERVA DA BIOSFERA DA MATA ATL\u00c2NTICA.<\/a><\/p>\n\n\n\n<p>A ONG e a RPPN constituem um <strong>Posto Avan\u00e7ado da Reserva da Biosfera da Mata Atl\u00e2ntica<\/strong>, um dos atuais cinco postos do Rio Grande do Sul. A ONG pensa em estabelecer novos Postos Avan\u00e7ados com outras \u00e1reas\/ entidades. <\/p>\n\n\n\n<p>A regi\u00e3o onde se localiza a RPPN, tamb\u00e9m, est\u00e1 contemplada pela <strong>Portaria MMA 09 de 2007<\/strong>, como <strong>\u00e1rea de extremamente alta import\u00e2ncia para a conserva\u00e7\u00e3o da biodiversidade<\/strong>  (neste aspecto, a ONG teve atua\u00e7\u00e3o no respectivo workshop do MMA, em Campeche\/ Santa Catarina), al\u00e9m de estar subsumida na Poligonal Estadual da Mata Atl\u00e2ntica.<\/p>\n\n\n\n<p><strong>O objetivo da ONG MIRA-SERRA \u00e9 de criar uma nova Unidade de Conserva\u00e7\u00e3o<\/strong> abrangendo o vale do Padilha. A proposta j\u00e1 foi protocolada no \u00f3rg\u00e3o competente.<\/p>\n\n\n\n<p>&#8212;&#8212;&#8212;&#8212;&#8212;&#8212;&#8212;&#8212;&#8212;&#8212;&#8212;&#8212;&#8212;&#8212;&#8212;&#8212;&#8212;&#8212;&#8212;<\/p>\n\n\n\n<p><strong>PORTARIA N\u00ba 14, DE 8 DE FEVEREIRO DE 2010<\/strong><\/p>\n\n\n\n<p><br>O PRESIDENTE DO INSTITUTO CHICO MENDES DE CONSERVA\u00c7\u00c3O DA BIODIVERSIDADE &#8211; ICMBio, nomeado pela Portaria, n\u00ba 532 de 31 de julho de 2008, de acordo com o texto da Lei n\u00b0 11.516, de 28 de agosto de 2007, e no uso das atribui\u00e7\u00f5es que lhe s\u00e3o conferidas pelo art. 19, inciso IV, do Anexo I da Estrutura Regimental, aprovada pelo Decreto 6.100, de 26 de abril de 2007, ambos publicados no Di\u00e1rio Oficial da Uni\u00e3o do dia subseq\u00fcente;<\/p>\n\n\n\n<p><br>Considerando o disposto na Lei n\u00ba 9.985, de 18 de julho de 2000, que instituiu o Sistema Nacional de Unidades de Conserva\u00e7\u00e3o e o Decreto n\u00ba 4.340 de 22 agosto de 2002, que regulamenta artigos dessa Lei;<\/p>\n\n\n\n<p><br>Considerando que a Reserva Particular do Patrim\u00f4nio Natural &#8211; RPPN Rancho Mira Serra, criada atrav\u00e9s da Portaria n\u00b0 124\/97-N, de 27 de outubro de 1997, atendeu ao art. 27 da Lei n\u00ba 9.985, de 18 de julho de 2000, que instituiu o Sistema Nacional de Unidades de Conserva\u00e7\u00e3o da Natureza, e o Decreto n\u00b0 5.746, de 05 de abril de 2006, no que conceme \u00e0 elabora\u00e7\u00e3o de seu Plano de Manejo; Considerando, por fim, os pronunciamentos t\u00e9cnicos e jur\u00eddicos contidos no processo n\u00ba 02070.003665\/2009-13, resolve:<\/p>\n\n\n\n<p><br>Art. 1\u00ba Alterar o nome da RPPN Rancho Mira-Serra para RPPN Mira-Serra.<\/p>\n\n\n\n<p><br>Art. 2\u00b0 Aprovar o Plano de Manejo da RPPN Mira-Serra, localizada no munic\u00edpio S\u00e3o Francisco de Paula\/RS.<\/p>\n\n\n\n<p><br>Par\u00e1grafo 1\u00ba A aprova\u00e7\u00e3o do Plano de Manejo n\u00e3o exime o propriet\u00e1rio de seguir todos os tr\u00e2mites t\u00e9cnicos e legais necess\u00e1rios \u00e0 aprova\u00e7\u00e3o de projetos e programas junto aos \u00f3rg\u00e3os ou institui\u00e7\u00f5es ambientais competentes, em atendimento \u00e0 legisla\u00e7\u00e3o vigente e aos usos permitidos na RPPN, conforme o Decreto n\u00b0 5.746, de 05 de abril de 2006.<\/p>\n\n\n\n<p><br>Par\u00e1grafo 2\u00b0 O Plano de Manejo da RPPN Mira-Serra estar\u00e1 dispon\u00edvel na sede da unidade de conserva\u00e7\u00e3o e na sede do Instituto Chico Mendes de Conserva\u00e7\u00e3o da Biodiversidade.<\/p>\n\n\n\n<p><br>Art. 3\u00b0 A RPPN ser\u00e1 administrada pelo propriet\u00e1rio do im\u00f3vel, ou representante legal, que ser\u00e1 respons\u00e1vel pelo cumprimento das exig\u00eancias contidas na Lei n\u00b0 9.985, de 18 de julho de 2000, e no Decreto n.\u00b0 5.746, de 05 de abril de 2006.<\/p>\n\n\n\n<p>Art. 4\u00b0 As condutas e atividades lesivas \u00e0 \u00e1rea da RPPN Mira-Serra sujeitar\u00e3o os infratores \u00e0s san\u00e7\u00f5es cab\u00edveis previstas na Lei n\u00b0 9.605, de 12 de fevereiro de 1998, e no Decreto n\u00b0 6.514, de 22 de julho de 2008.<\/p>\n\n\n\n<p><br>Art. 5\u00ba Esta portaria entra em vigor na data de sua publica\u00e7\u00e3o.<\/p>\n\n\n\n<p>R\u00d4MULO JOS\u00c9 FERNANDES BARRETO MELLO<\/p>\n\n\n\n<figure class=\"wp-block-image size-large is-resized\"><img loading=\"lazy\" decoding=\"async\" src=\"http:\/\/miraserra.org.br\/wp-content\/uploads\/2019\/07\/futura-RPPN-ITAPOR\u00c3-300x225.jpg\" alt=\"\" class=\"wp-image-1441\" width=\"747\" height=\"560\"\/><\/figure>\n","protected":false},"excerpt":{"rendered":"<p>A RPPN MIRA-SERRA est\u00e1 localizada no Vale do Rio Padilha &#8211; S\u00e3o Francisco de Paula (veja mais sobre esta Unidade<\/p>\n","protected":false},"author":1,"featured_media":2427,"comment_status":"closed","ping_status":"closed","sticky":false,"template":"","format":"standard","meta":{"colormag_page_container_layout":"default_layout","colormag_page_sidebar_layout":"default_layout","_themeisle_gutenberg_block_has_review":false,"footnotes":""},"categories":[85,264,36],"tags":[163,251,146,286,288,289,188],"class_list":["post-2871","post","type-post","status-publish","format-standard","has-post-thumbnail","hentry","category-a-mira-serra","category-mira-serra-e-parceiros","category-rppn","tag-mata-atlantica","tag-ong","tag-plano-de-manejo","tag-portaria","tag-posto-avancado","tag-reserva-da-biosfera","tag-rppn"],"_links":{"self":[{"href":"https:\/\/miraserra.org.br\/index.php\/wp-json\/wp\/v2\/posts\/2871","targetHints":{"allow":["GET"]}}],"collection":[{"href":"https:\/\/miraserra.org.br\/index.php\/wp-json\/wp\/v2\/posts"}],"about":[{"href":"https:\/\/miraserra.org.br\/index.php\/wp-json\/wp\/v2\/types\/post"}],"author":[{"embeddable":true,"href":"https:\/\/miraserra.org.br\/index.php\/wp-json\/wp\/v2\/users\/1"}],"replies":[{"embeddable":true,"href":"https:\/\/miraserra.org.br\/index.php\/wp-json\/wp\/v2\/comments?post=2871"}],"version-history":[{"count":2,"href":"https:\/\/miraserra.org.br\/index.php\/wp-json\/wp\/v2\/posts\/2871\/revisions"}],"predecessor-version":[{"id":2873,"href":"https:\/\/miraserra.org.br\/index.php\/wp-json\/wp\/v2\/posts\/2871\/revisions\/2873"}],"wp:featuredmedia":[{"embeddable":true,"href":"https:\/\/miraserra.org.br\/index.php\/wp-json\/wp\/v2\/media\/2427"}],"wp:attachment":[{"href":"https:\/\/miraserra.org.br\/index.php\/wp-json\/wp\/v2\/media?parent=2871"}],"wp:term":[{"taxonomy":"category","embeddable":true,"href":"https:\/\/miraserra.org.br\/index.php\/wp-json\/wp\/v2\/categories?post=2871"},{"taxonomy":"post_tag","embeddable":true,"href":"https:\/\/miraserra.org.br\/index.php\/wp-json\/wp\/v2\/tags?post=2871"}],"curies":[{"name":"wp","href":"https:\/\/api.w.org\/{rel}","templated":true}]}}